{"id":16409,"date":"2025-08-19T18:25:09","date_gmt":"2025-08-19T16:25:09","guid":{"rendered":"https:\/\/elcafedepipa.com\/?p=16409"},"modified":"2025-08-19T18:25:10","modified_gmt":"2025-08-19T16:25:10","slug":"marga-marco-pp-veins-del-poligon-iii-exigixen-solucions-a-una-plaga-de-xinxes-que-invadix-les-vivendes","status":"publish","type":"post","link":"https:\/\/elcafedepipa.com\/index.php\/2025\/08\/19\/marga-marco-pp-veins-del-poligon-iii-exigixen-solucions-a-una-plaga-de-xinxes-que-invadix-les-vivendes\/","title":{"rendered":"Marga Marco (PP): &#8220;Ve\u00efns del pol\u00edgon III exigixen solucions a una plaga de xinxes que invadix les vivendes&#8221;"},"content":{"rendered":"\n<p>Els ve\u00efns del pol\u00edgon III, a la Vall d&#8217;Uix\u00f3, han denunciat la proliferaci\u00f3 de xinxes en el seu entorn residencial fins al punt d&#8217;invadir vivendes. \u201cHi ha residents que reconeixen que la situaci\u00f3 s&#8217;ha desbordat perqu\u00e8 el que semblava una pres\u00e8ncia puntual d&#8217;esta mena d&#8217;insectes, ara \u00e9s massiva\u201d.<\/p>\n\n\n\n<p>Aix\u00ed ho explica la regidora del PP a la Vall d&#8217;Uix\u00f3, Marga Marco, qui ha donat trasllat de les queixes amb l&#8217;objectiu que \u201cdes de l&#8217;ajuntament s&#8217;actue a la major celeritat possible\u201d. \u201c\u00c9s evident que si no es realitzen tractaments, estos insectes es multipliquen en el que ara ja els ve\u00efns qualifiquen de plaga\u201d.<\/p>\n\n\n\n<p>La situaci\u00f3 que viuen els ve\u00efns d&#8217;este barri de la Vall d&#8217;Uix\u00f3 no \u00e9s nova. \u201cDe manera recurrent, els ciutadans s&#8217;han queixat de la proliferaci\u00f3 d&#8217;insectes, des de cucs fins ara xinxes\u201d. Per aix\u00f2, insistix Marco, \u201c\u00e9s fonamental realitzar un tractament efica\u00e7 i posar l\u00edmit a la seua reproducci\u00f3\u201d.<\/p>\n\n\n\n<p>La regidora del PP en la Vall recorda que \u201cel problema no \u00e9s exclusiu d&#8217;este barri\u201d. \u201cOcorre en este sector residencial i en molts altres del nostre municipi. No es realitzen els tractaments preventius oportuns i quan apareix el problema es desborda\u201d.<\/p>\n\n\n\n<p>\u00c9s, en opini\u00f3 de Marco, \u201cel mateix que ocorre amb la neteja i el manteniment d&#8217;infraestructures p\u00fabliques de la localitat. Des del paratge de San Jos\u00e9 fins a places i jardins, brut\u00edcia en avingudes i carrers, com tamb\u00e9 ha ocorregut en el pol\u00edgon III. La falta d&#8217;inspecci\u00f3 i manteniment degrada entorns que paguem entre tots amb impostos de primera que, no obstant aix\u00f2, reben servicis de tercera\u201d. \u201cEl que esperen els contribuents \u00e9s que les prestacions p\u00fabliques estiguen al mateix nivell que la pressi\u00f3 fiscal que el PSOE imposa. Perqu\u00e8 paguem impostos de primera i tenim servicis i instal\u00b7lacions de tercera. I este equilibri \u00e9s evident que no existix en la Vall\u201d, ha declarat Marco.<\/p>\n","protected":false},"excerpt":{"rendered":"<p>Els ve\u00efns del pol\u00edgon III, a la Vall d&#8217;Uix\u00f3, han denunciat la proliferaci\u00f3 de xinxes en el seu entorn residencial fins al punt d&#8217;invadir vivendes. \u201cHi ha residents que reconeixen que la situaci\u00f3 s&#8217;ha desbordat perqu\u00e8 el que semblava una pres\u00e8ncia puntual d&#8217;esta mena d&#8217;insectes, ara \u00e9s massiva\u201d. Aix\u00ed ho explica la regidora del PP &#8230; <a title=\"Marga Marco (PP): &#8220;Ve\u00efns del pol\u00edgon III exigixen solucions a una plaga de xinxes que invadix les vivendes&#8221;\" class=\"read-more\" href=\"https:\/\/elcafedepipa.com\/index.php\/2025\/08\/19\/marga-marco-pp-veins-del-poligon-iii-exigixen-solucions-a-una-plaga-de-xinxes-que-invadix-les-vivendes\/\" aria-label=\"M\u00e9s informaci\u00f3 sobre Marga Marco (PP): &#8220;Ve\u00efns del pol\u00edgon III exigixen solucions a una plaga de xinxes que invadix les vivendes&#8221;\">Read more<\/a><\/p>\n","protected":false},"author":2,"featured_media":16410,"comment_status":"closed","ping_status":"closed","sticky":false,"template":"","format":"standard","meta":{"om_disable_all_campaigns":false,"_monsterinsights_skip_tracking":false,"_monsterinsights_sitenote_active":false,"_monsterinsights_sitenote_note":"","_monsterinsights_sitenote_category":0,"_uf_show_specific_survey":0,"_uf_disable_surveys":false,"footnotes":""},"categories":[1],"tags":[],"class_list":["post-16409","post","type-post","status-publish","format-standard","has-post-thumbnail","hentry","category-non-classe"],"_links":{"self":[{"href":"https:\/\/elcafedepipa.com\/index.php\/wp-json\/wp\/v2\/posts\/16409","targetHints":{"allow":["GET"]}}],"collection":[{"href":"https:\/\/elcafedepipa.com\/index.php\/wp-json\/wp\/v2\/posts"}],"about":[{"href":"https:\/\/elcafedepipa.com\/index.php\/wp-json\/wp\/v2\/types\/post"}],"author":[{"embeddable":true,"href":"https:\/\/elcafedepipa.com\/index.php\/wp-json\/wp\/v2\/users\/2"}],"replies":[{"embeddable":true,"href":"https:\/\/elcafedepipa.com\/index.php\/wp-json\/wp\/v2\/comments?post=16409"}],"version-history":[{"count":1,"href":"https:\/\/elcafedepipa.com\/index.php\/wp-json\/wp\/v2\/posts\/16409\/revisions"}],"predecessor-version":[{"id":16411,"href":"https:\/\/elcafedepipa.com\/index.php\/wp-json\/wp\/v2\/posts\/16409\/revisions\/16411"}],"wp:featuredmedia":[{"embeddable":true,"href":"https:\/\/elcafedepipa.com\/index.php\/wp-json\/wp\/v2\/media\/16410"}],"wp:attachment":[{"href":"https:\/\/elcafedepipa.com\/index.php\/wp-json\/wp\/v2\/media?parent=16409"}],"wp:term":[{"taxonomy":"category","embeddable":true,"href":"https:\/\/elcafedepipa.com\/index.php\/wp-json\/wp\/v2\/categories?post=16409"},{"taxonomy":"post_tag","embeddable":true,"href":"https:\/\/elcafedepipa.com\/index.php\/wp-json\/wp\/v2\/tags?post=16409"}],"curies":[{"name":"wp","href":"https:\/\/api.w.org\/{rel}","templated":true}]}}