{"id":16402,"date":"2025-08-18T19:54:20","date_gmt":"2025-08-18T17:54:20","guid":{"rendered":"https:\/\/elcafedepipa.com\/?p=16402"},"modified":"2025-08-18T19:54:21","modified_gmt":"2025-08-18T17:54:21","slug":"moncofa-millora-els-serveis-de-la-platja-amb-un-nou-lavabo-al-mercat","status":"publish","type":"post","link":"https:\/\/elcafedepipa.com\/index.php\/2025\/08\/18\/moncofa-millora-els-serveis-de-la-platja-amb-un-nou-lavabo-al-mercat\/","title":{"rendered":"Moncofa millora els serveis de la platja amb un nou lavabo al mercat"},"content":{"rendered":"\n<p>L&#8217;Ajuntament de Moncofa ha instal\u00b7lat un nou m\u00f2dul de neteja per donar servei durant els matins dels dissabtes, coincidint amb l&#8217;activitat del mercat ambulant. La nova instal\u00b7laci\u00f3, situada a l&#8217;entrada del recinte del mercat ambulant, inclou un bany adaptat per a dones i persones amb mobilitat redu\u00efda i un altre per a homes.<\/p>\n\n\n\n<p>L&#8217;actuaci\u00f3 ha suposat una inversi\u00f3 aproximada de 22.000 euros i respon a la voluntat del consistori de continuar millorant els serveis a la zona mar\u00edtima, especialment els dies de m\u00e9s aflu\u00e8ncia de visitants. A m\u00e9s a m\u00e9s, amb aquesta intervenci\u00f3, l&#8217;Ajuntament d\u00f3na resposta a una demanda ciutadana.<\/p>\n\n\n\n<p>&#8220;Amb aquest nou m\u00f2dul fem un pas m\u00e9s per millorar l&#8217;experi\u00e8ncia de ve\u00efns i visitants a la zona de la platja, especialment els dissabtes al mat\u00ed, quan se celebra el mercat. Des de l&#8217;Ajuntament seguim treballant perqu\u00e8 Moncofa compte amb unes platges cuidades, accessibles i amb serveis de qualitat&#8221;, ha destacat el regidor de Platges, Francisco Alemany.<\/p>\n","protected":false},"excerpt":{"rendered":"<p>L&#8217;Ajuntament de Moncofa ha instal\u00b7lat un nou m\u00f2dul de neteja per donar servei durant els matins dels dissabtes, coincidint amb l&#8217;activitat del mercat ambulant. La nova instal\u00b7laci\u00f3, situada a l&#8217;entrada del recinte del mercat ambulant, inclou un bany adaptat per a dones i persones amb mobilitat redu\u00efda i un altre per a homes. L&#8217;actuaci\u00f3 ha &#8230; <a title=\"Moncofa millora els serveis de la platja amb un nou lavabo al mercat\" class=\"read-more\" href=\"https:\/\/elcafedepipa.com\/index.php\/2025\/08\/18\/moncofa-millora-els-serveis-de-la-platja-amb-un-nou-lavabo-al-mercat\/\" aria-label=\"M\u00e9s informaci\u00f3 sobre Moncofa millora els serveis de la platja amb un nou lavabo al mercat\">Read more<\/a><\/p>\n","protected":false},"author":2,"featured_media":16403,"comment_status":"closed","ping_status":"closed","sticky":false,"template":"","format":"standard","meta":{"om_disable_all_campaigns":false,"_monsterinsights_skip_tracking":false,"_monsterinsights_sitenote_active":false,"_monsterinsights_sitenote_note":"","_monsterinsights_sitenote_category":0,"_uf_show_specific_survey":0,"_uf_disable_surveys":false,"footnotes":""},"categories":[4],"tags":[],"class_list":["post-16402","post","type-post","status-publish","format-standard","has-post-thumbnail","hentry","category-moncofa"],"_links":{"self":[{"href":"https:\/\/elcafedepipa.com\/index.php\/wp-json\/wp\/v2\/posts\/16402","targetHints":{"allow":["GET"]}}],"collection":[{"href":"https:\/\/elcafedepipa.com\/index.php\/wp-json\/wp\/v2\/posts"}],"about":[{"href":"https:\/\/elcafedepipa.com\/index.php\/wp-json\/wp\/v2\/types\/post"}],"author":[{"embeddable":true,"href":"https:\/\/elcafedepipa.com\/index.php\/wp-json\/wp\/v2\/users\/2"}],"replies":[{"embeddable":true,"href":"https:\/\/elcafedepipa.com\/index.php\/wp-json\/wp\/v2\/comments?post=16402"}],"version-history":[{"count":1,"href":"https:\/\/elcafedepipa.com\/index.php\/wp-json\/wp\/v2\/posts\/16402\/revisions"}],"predecessor-version":[{"id":16404,"href":"https:\/\/elcafedepipa.com\/index.php\/wp-json\/wp\/v2\/posts\/16402\/revisions\/16404"}],"wp:featuredmedia":[{"embeddable":true,"href":"https:\/\/elcafedepipa.com\/index.php\/wp-json\/wp\/v2\/media\/16403"}],"wp:attachment":[{"href":"https:\/\/elcafedepipa.com\/index.php\/wp-json\/wp\/v2\/media?parent=16402"}],"wp:term":[{"taxonomy":"category","embeddable":true,"href":"https:\/\/elcafedepipa.com\/index.php\/wp-json\/wp\/v2\/categories?post=16402"},{"taxonomy":"post_tag","embeddable":true,"href":"https:\/\/elcafedepipa.com\/index.php\/wp-json\/wp\/v2\/tags?post=16402"}],"curies":[{"name":"wp","href":"https:\/\/api.w.org\/{rel}","templated":true}]}}