{"id":16389,"date":"2025-08-14T13:49:08","date_gmt":"2025-08-14T11:49:08","guid":{"rendered":"https:\/\/elcafedepipa.com\/?p=16389"},"modified":"2025-08-14T13:49:09","modified_gmt":"2025-08-14T11:49:09","slug":"quasi-tres-milions-deuros-per-a-lexcavacio-del-jaciment-roma-de-benicato-en-nules","status":"publish","type":"post","link":"https:\/\/elcafedepipa.com\/index.php\/2025\/08\/14\/quasi-tres-milions-deuros-per-a-lexcavacio-del-jaciment-roma-de-benicato-en-nules\/","title":{"rendered":"Quasi tres milions d&#8217;euros per a l&#8217;excavaci\u00f3 del jaciment rom\u00e0 de Benicato en Nules."},"content":{"rendered":"\n<p>Emmarcada dins de la subvenci\u00f3 europea aconseguida pel municipi de Nules d&#8217;ajudes per al Programa de Millora de la Competitivitat i de Dinamitzaci\u00f3 del Patrimoni Hist\u00f2ric amb \u00das Tur\u00edstic, del Pla de Recuperaci\u00f3, Transformaci\u00f3 i Resili\u00e8ncia, i finan\u00e7at per la Uni\u00f3 Europea a trav\u00e9s dels fons Next Generation, dimecres van comen\u00e7ar les primeres excavacions arqueol\u00f2giques en el jaciment rom\u00e0 de Benicat\u00f3. En concret, la quantia d\u2019aquesta subvenci\u00f3 atorgada \u00e9s de 2.965.710 euros, la m\u00e9s quantiosa rebuda per aquesta poblaci\u00f3 en mat\u00e8ria tur\u00edstica i patrimonial en la seua hist\u00f2ria.<\/p>\n\n\n\n<p>De fet, aquesta actuaci\u00f3 es prolongar\u00e0 al llarg de tot el mes d&#8217;agost amb l&#8217;objectiu d&#8217;excavar i documentar la parcel\u00b7la municipal m\u00e9s pr\u00f2xima al nord del jaciment; un terreny que mai havia sigut excavat amb anterioritat i del qual tan sols es tenen lectures de georadar, encara que s\u00f3n molt prometedores en trobar-se indicis de fonaments consolidats, que confirmarien la hip\u00f2tesi que sempre s&#8217;ha plantejat, es a dir que el jaciment rom\u00e0 del Benicat\u00f3 \u00e9s molt m\u00e9s extens del que actualment es coneix. Aix\u00ed, l&#8217;empresa encarregada de fer aquestes excavacions \u00e9s Arqueocas que compta per a aquesta acci\u00f3 amb un equip de cinc arque\u00f2legs.<\/p>\n\n\n\n<p>El regidor de Patrimoni, Guillermo Latorre, confirma que s&#8217;estan complint els terminis previstos, \u201cles excavacions es prolongaran al voltant del jaciment fins al primer trimestre de l\u2019any 2026, i al setembre es far\u00e0 p\u00fablica la licitaci\u00f3 d&#8217;obra per al centre d&#8217;interpretaci\u00f3 i l&#8217;adequaci\u00f3 del jaciment, per aix\u00ed treballar els dos fronts de manera simult\u00e0nia. \u00c9s un moment hist\u00f2ric perqu\u00e8 mai abans s&#8217;havia excavat m\u00e9s enll\u00e0 del jaciment consolidat, i segurament tindrem sorpreses agradables\u201d.<\/p>\n","protected":false},"excerpt":{"rendered":"<p>Emmarcada dins de la subvenci\u00f3 europea aconseguida pel municipi de Nules d&#8217;ajudes per al Programa de Millora de la Competitivitat i de Dinamitzaci\u00f3 del Patrimoni Hist\u00f2ric amb \u00das Tur\u00edstic, del Pla de Recuperaci\u00f3, Transformaci\u00f3 i Resili\u00e8ncia, i finan\u00e7at per la Uni\u00f3 Europea a trav\u00e9s dels fons Next Generation, dimecres van comen\u00e7ar les primeres excavacions arqueol\u00f2giques &#8230; <a title=\"Quasi tres milions d&#8217;euros per a l&#8217;excavaci\u00f3 del jaciment rom\u00e0 de Benicato en Nules.\" class=\"read-more\" href=\"https:\/\/elcafedepipa.com\/index.php\/2025\/08\/14\/quasi-tres-milions-deuros-per-a-lexcavacio-del-jaciment-roma-de-benicato-en-nules\/\" aria-label=\"M\u00e9s informaci\u00f3 sobre Quasi tres milions d&#8217;euros per a l&#8217;excavaci\u00f3 del jaciment rom\u00e0 de Benicato en Nules.\">Read more<\/a><\/p>\n","protected":false},"author":2,"featured_media":16390,"comment_status":"closed","ping_status":"closed","sticky":false,"template":"","format":"standard","meta":{"om_disable_all_campaigns":false,"_monsterinsights_skip_tracking":false,"_monsterinsights_sitenote_active":false,"_monsterinsights_sitenote_note":"","_monsterinsights_sitenote_category":0,"_uf_show_specific_survey":0,"_uf_disable_surveys":false,"footnotes":""},"categories":[3],"tags":[],"class_list":["post-16389","post","type-post","status-publish","format-standard","has-post-thumbnail","hentry","category-nules"],"_links":{"self":[{"href":"https:\/\/elcafedepipa.com\/index.php\/wp-json\/wp\/v2\/posts\/16389","targetHints":{"allow":["GET"]}}],"collection":[{"href":"https:\/\/elcafedepipa.com\/index.php\/wp-json\/wp\/v2\/posts"}],"about":[{"href":"https:\/\/elcafedepipa.com\/index.php\/wp-json\/wp\/v2\/types\/post"}],"author":[{"embeddable":true,"href":"https:\/\/elcafedepipa.com\/index.php\/wp-json\/wp\/v2\/users\/2"}],"replies":[{"embeddable":true,"href":"https:\/\/elcafedepipa.com\/index.php\/wp-json\/wp\/v2\/comments?post=16389"}],"version-history":[{"count":1,"href":"https:\/\/elcafedepipa.com\/index.php\/wp-json\/wp\/v2\/posts\/16389\/revisions"}],"predecessor-version":[{"id":16391,"href":"https:\/\/elcafedepipa.com\/index.php\/wp-json\/wp\/v2\/posts\/16389\/revisions\/16391"}],"wp:featuredmedia":[{"embeddable":true,"href":"https:\/\/elcafedepipa.com\/index.php\/wp-json\/wp\/v2\/media\/16390"}],"wp:attachment":[{"href":"https:\/\/elcafedepipa.com\/index.php\/wp-json\/wp\/v2\/media?parent=16389"}],"wp:term":[{"taxonomy":"category","embeddable":true,"href":"https:\/\/elcafedepipa.com\/index.php\/wp-json\/wp\/v2\/categories?post=16389"},{"taxonomy":"post_tag","embeddable":true,"href":"https:\/\/elcafedepipa.com\/index.php\/wp-json\/wp\/v2\/tags?post=16389"}],"curies":[{"name":"wp","href":"https:\/\/api.w.org\/{rel}","templated":true}]}}