{"id":16382,"date":"2025-08-14T13:33:28","date_gmt":"2025-08-14T11:33:28","guid":{"rendered":"https:\/\/elcafedepipa.com\/?p=16382"},"modified":"2025-08-14T13:33:29","modified_gmt":"2025-08-14T11:33:29","slug":"la-diputacio-de-castello-coordina-als-750-efectius-del-consorci-de-bombers-per-a-protegir-la-provincia","status":"publish","type":"post","link":"https:\/\/elcafedepipa.com\/index.php\/2025\/08\/14\/la-diputacio-de-castello-coordina-als-750-efectius-del-consorci-de-bombers-per-a-protegir-la-provincia\/","title":{"rendered":"La Diputaci\u00f3 de Castell\u00f3 coordina als 750 efectius del Consorci de Bombers per a protegir la prov\u00edncia"},"content":{"rendered":"\n<p>Aix\u00ed ho ha manifestat el diputat provincial de l\u2019\u00e0rea, David Vicente, qui ha assenyalat que davant les altes temperatures \u201cque estem registrant en estes dates, el Govern Provincial est\u00e0 preparat per a ser efica\u00e7 i \u00e0gil en l&#8217;extinci\u00f3 del foc\u201d. \u201cLa prioritat \u00e9s previndre, des de la conscienciaci\u00f3 ciutadana, com hem fet a trav\u00e9s de la campanya \u2018El foc no avisa, evita&#8217;l\u2019\u201d.<\/p>\n\n\n\n<p>A esta iniciativa se suma el treball professional \u201cd&#8217;una plantilla operativa les 24 hores del dia, els 365 dies de l&#8217;any\u201d. Un dispositiu format per 750 efectius, entre voluntaris, protecci\u00f3 civil i bombers professionals, que es nodrix de mitjans propis del Departament de Bombers de la Diputaci\u00f3 de Castell\u00f3 i mitjans de la Generalitat assignats a este departament.<\/p>\n\n\n\n<p>Professionals mobilitzats amb 200 vehicles, 5 mitjans aeris: 3 avions (2 de c\u00e0rrega en terra i un amfibi) i 2 helic\u00f2pters dotats d&#8217;Unitat Helitransportada de Bombers Forestals (GVA); 4 parcs de Bombers Professionals; URM (Unitat de Rescat de Muntanya); URA (Unitat de Rescat Aqu\u00e0tic); URS (Unitat de Rescat i Salvament); 5 parcs de Bombers Voluntaris, 18 Unitats de Bombers Forestals de Generalitat assignades al Consorci, UML (Unitat de Maquin\u00e0ria i Log\u00edstica) i Unitat de Voluntaris de Protecci\u00f3 Civil de Diputaci\u00f3.<\/p>\n\n\n\n<p>Un operatiu refor\u00e7at amb la incorporaci\u00f3 de dos nous coordinadors forestals completant la secci\u00f3 forestal que queda formada per 13 coordinadors forestals i 4 t\u00e8cnics. Tamb\u00e9 s&#8217;han incorporat 7 nous oficials amb el que l&#8217;escala de Direccions de bombers queda completada amb 9 oficials. Aix\u00ed mateix, est\u00e0 previst per a principis de la temporada d&#8217;estiu la incorporaci\u00f3 de 2 nous camions BRP (Bomba Rural Pesada) que refor\u00e7aran les unitats actuals d&#8217;esta mena de vehicles destinats, entre altres, a la intervenci\u00f3 en incendis forestals. Quant a la UML (Unitat de maquin\u00e0ria i log\u00edstica) ha incorporat recentment una nova pala carregadora frontal amb el que augmenta les seues capacitats de suport a bombers en incendis amb un total de (4 pales carregadores, 2 mixtes i 2 tractors desbrossadora).<\/p>\n","protected":false},"excerpt":{"rendered":"<p>Aix\u00ed ho ha manifestat el diputat provincial de l\u2019\u00e0rea, David Vicente, qui ha assenyalat que davant les altes temperatures \u201cque estem registrant en estes dates, el Govern Provincial est\u00e0 preparat per a ser efica\u00e7 i \u00e0gil en l&#8217;extinci\u00f3 del foc\u201d. \u201cLa prioritat \u00e9s previndre, des de la conscienciaci\u00f3 ciutadana, com hem fet a trav\u00e9s de &#8230; <a title=\"La Diputaci\u00f3 de Castell\u00f3 coordina als 750 efectius del Consorci de Bombers per a protegir la prov\u00edncia\" class=\"read-more\" href=\"https:\/\/elcafedepipa.com\/index.php\/2025\/08\/14\/la-diputacio-de-castello-coordina-als-750-efectius-del-consorci-de-bombers-per-a-protegir-la-provincia\/\" aria-label=\"M\u00e9s informaci\u00f3 sobre La Diputaci\u00f3 de Castell\u00f3 coordina als 750 efectius del Consorci de Bombers per a protegir la prov\u00edncia\">Read more<\/a><\/p>\n","protected":false},"author":2,"featured_media":16383,"comment_status":"closed","ping_status":"closed","sticky":false,"template":"","format":"standard","meta":{"om_disable_all_campaigns":false,"_monsterinsights_skip_tracking":false,"_monsterinsights_sitenote_active":false,"_monsterinsights_sitenote_note":"","_monsterinsights_sitenote_category":0,"_uf_show_specific_survey":0,"_uf_disable_surveys":false,"footnotes":""},"categories":[10],"tags":[],"class_list":["post-16382","post","type-post","status-publish","format-standard","has-post-thumbnail","hentry","category-provinciadecastello"],"_links":{"self":[{"href":"https:\/\/elcafedepipa.com\/index.php\/wp-json\/wp\/v2\/posts\/16382","targetHints":{"allow":["GET"]}}],"collection":[{"href":"https:\/\/elcafedepipa.com\/index.php\/wp-json\/wp\/v2\/posts"}],"about":[{"href":"https:\/\/elcafedepipa.com\/index.php\/wp-json\/wp\/v2\/types\/post"}],"author":[{"embeddable":true,"href":"https:\/\/elcafedepipa.com\/index.php\/wp-json\/wp\/v2\/users\/2"}],"replies":[{"embeddable":true,"href":"https:\/\/elcafedepipa.com\/index.php\/wp-json\/wp\/v2\/comments?post=16382"}],"version-history":[{"count":1,"href":"https:\/\/elcafedepipa.com\/index.php\/wp-json\/wp\/v2\/posts\/16382\/revisions"}],"predecessor-version":[{"id":16384,"href":"https:\/\/elcafedepipa.com\/index.php\/wp-json\/wp\/v2\/posts\/16382\/revisions\/16384"}],"wp:featuredmedia":[{"embeddable":true,"href":"https:\/\/elcafedepipa.com\/index.php\/wp-json\/wp\/v2\/media\/16383"}],"wp:attachment":[{"href":"https:\/\/elcafedepipa.com\/index.php\/wp-json\/wp\/v2\/media?parent=16382"}],"wp:term":[{"taxonomy":"category","embeddable":true,"href":"https:\/\/elcafedepipa.com\/index.php\/wp-json\/wp\/v2\/categories?post=16382"},{"taxonomy":"post_tag","embeddable":true,"href":"https:\/\/elcafedepipa.com\/index.php\/wp-json\/wp\/v2\/tags?post=16382"}],"curies":[{"name":"wp","href":"https:\/\/api.w.org\/{rel}","templated":true}]}}