{"id":16373,"date":"2025-08-14T13:18:46","date_gmt":"2025-08-14T11:18:46","guid":{"rendered":"https:\/\/elcafedepipa.com\/?p=16373"},"modified":"2025-08-14T13:23:47","modified_gmt":"2025-08-14T11:23:47","slug":"esglai-per-un-incendi-que-afortunadament-no-ha-anat-a-mes-en-sumet-junt-al-barranc-daigualit","status":"publish","type":"post","link":"https:\/\/elcafedepipa.com\/index.php\/2025\/08\/14\/esglai-per-un-incendi-que-afortunadament-no-ha-anat-a-mes-en-sumet-junt-al-barranc-daigualit\/","title":{"rendered":"Esglai per un incendi que afortunadament no ha anat a m\u00e9s en Sumet junt al barranc d&#8217;Aigualit."},"content":{"rendered":"\n<p>A les 10.41 hores d&#8217;aquest dijous, el Consorci Provincial de Bombers de Castell\u00f3 ha informat a trav\u00e9s del seu compte oficial a la xarxa social X sobre la mobilitzaci\u00f3 d&#8217;efectius per atendre \u00abun possible incendi de vegetaci\u00f3\u00bb al terme municipal de la Vall d&#8217;Uix\u00f3.<br>Segons el comunicat, s&#8217;ha desplegat una dotaci\u00f3 de bombers del Consorci Provincial juntament amb dues unitats de bombers forestals de la Generalitat Valenciana. Aix\u00ed mateix, s&#8217;ha incorporat a les tasques d&#8217;extinci\u00f3 un mitj\u00e0 aeri, concretament un helic\u00f2pter amb una Unitat de Bombers Forestals helitransportada, a m\u00e9s d&#8217;un coordinador forestal dels Bombers de la Diputaci\u00f3 per supervisar les tasques al terreny.Els equips d&#8217;extinci\u00f3 s&#8217;han mobilitzat a la zona amb l&#8217;objectiu de controlar les flames i evitar-ne la propagaci\u00f3.<\/p>\n\n\n\n<p>En una posterior actualitzaci\u00f3 d&#8217;Emerg\u00e8ncies 112CV a les 11.43 hores, s&#8217;ha informat que l&#8217;evoluci\u00f3 de l&#8217;incendi \u00e9s favorable. A la zona continua una dotaci\u00f3 del Consorci Provincial de Bombers de Castell\u00f3 atenent la situaci\u00f3. I finalment, l&#8217;alcalde accidental de la Vall d&#8217;Uix\u00f3, <strong>Fernando Dar\u00f3s<\/strong>, ha confirmat que la situaci\u00f3 ha quedat totalment controlada i se dona per extinguit l&#8217;incendi i els problemes que haguera pogut ocasionar, a la vegada que insistia i recordava una vegada m\u00e9s que &#8220;cal extremar la precauci\u00f3 quan se ix al terme, i si no \u00e9s necessari, millor ni anar perqu\u00e8 estem davant d&#8217;una situaci\u00f3 que no \u00e9s broma&#8221;.<\/p>\n\n\n\n<p><\/p>\n\n\n\n<figure class=\"wp-block-image size-large\"><img fetchpriority=\"high\" decoding=\"async\" width=\"1200\" height=\"1600\" src=\"https:\/\/elcafedepipa.com\/wp-content\/uploads\/2025\/08\/4-768x1024.jpg\" alt=\"\" class=\"wp-image-16375\" srcset=\"https:\/\/elcafedepipa.com\/wp-content\/uploads\/2025\/08\/4-768x1024.jpg 768w, https:\/\/elcafedepipa.com\/wp-content\/uploads\/2025\/08\/4-225x300.jpg 225w, https:\/\/elcafedepipa.com\/wp-content\/uploads\/2025\/08\/4-1152x1536.jpg 1152w, https:\/\/elcafedepipa.com\/wp-content\/uploads\/2025\/08\/4.jpg 1200w\" sizes=\"(max-width: 1200px) 100vw, 1200px\" \/><\/figure>\n\n\n\n<figure class=\"wp-block-image size-large\"><img decoding=\"async\" width=\"1024\" height=\"768\" src=\"https:\/\/elcafedepipa.com\/wp-content\/uploads\/2025\/08\/3-1-1024x768.jpg\" alt=\"\" class=\"wp-image-16376\" srcset=\"https:\/\/elcafedepipa.com\/wp-content\/uploads\/2025\/08\/3-1-1024x768.jpg 1024w, https:\/\/elcafedepipa.com\/wp-content\/uploads\/2025\/08\/3-1-300x225.jpg 300w, https:\/\/elcafedepipa.com\/wp-content\/uploads\/2025\/08\/3-1-768x576.jpg 768w, https:\/\/elcafedepipa.com\/wp-content\/uploads\/2025\/08\/3-1-1536x1152.jpg 1536w, https:\/\/elcafedepipa.com\/wp-content\/uploads\/2025\/08\/3-1.jpg 1600w\" sizes=\"(max-width: 1024px) 100vw, 1024px\" \/><\/figure>\n\n\n\n<figure class=\"wp-block-image size-large\"><img decoding=\"async\" width=\"1024\" height=\"768\" src=\"https:\/\/elcafedepipa.com\/wp-content\/uploads\/2025\/08\/1-1-1024x768.jpg\" alt=\"\" class=\"wp-image-16377\" srcset=\"https:\/\/elcafedepipa.com\/wp-content\/uploads\/2025\/08\/1-1-1024x768.jpg 1024w, https:\/\/elcafedepipa.com\/wp-content\/uploads\/2025\/08\/1-1-300x225.jpg 300w, https:\/\/elcafedepipa.com\/wp-content\/uploads\/2025\/08\/1-1-768x576.jpg 768w, https:\/\/elcafedepipa.com\/wp-content\/uploads\/2025\/08\/1-1-1536x1152.jpg 1536w, https:\/\/elcafedepipa.com\/wp-content\/uploads\/2025\/08\/1-1.jpg 1600w\" sizes=\"(max-width: 1024px) 100vw, 1024px\" \/><\/figure>\n\n\n\n<figure class=\"wp-block-image size-large\"><img loading=\"lazy\" decoding=\"async\" width=\"1024\" height=\"768\" src=\"https:\/\/elcafedepipa.com\/wp-content\/uploads\/2025\/08\/2-1-1024x768.jpg\" alt=\"\" class=\"wp-image-16378\" srcset=\"https:\/\/elcafedepipa.com\/wp-content\/uploads\/2025\/08\/2-1-1024x768.jpg 1024w, https:\/\/elcafedepipa.com\/wp-content\/uploads\/2025\/08\/2-1-300x225.jpg 300w, https:\/\/elcafedepipa.com\/wp-content\/uploads\/2025\/08\/2-1-768x576.jpg 768w, https:\/\/elcafedepipa.com\/wp-content\/uploads\/2025\/08\/2-1-1536x1152.jpg 1536w, https:\/\/elcafedepipa.com\/wp-content\/uploads\/2025\/08\/2-1.jpg 1600w\" sizes=\"(max-width: 1024px) 100vw, 1024px\" \/><\/figure>\n","protected":false},"excerpt":{"rendered":"<p>A les 10.41 hores d&#8217;aquest dijous, el Consorci Provincial de Bombers de Castell\u00f3 ha informat a trav\u00e9s del seu compte oficial a la xarxa social X sobre la mobilitzaci\u00f3 d&#8217;efectius per atendre \u00abun possible incendi de vegetaci\u00f3\u00bb al terme municipal de la Vall d&#8217;Uix\u00f3.Segons el comunicat, s&#8217;ha desplegat una dotaci\u00f3 de bombers del Consorci Provincial &#8230; <a title=\"Esglai per un incendi que afortunadament no ha anat a m\u00e9s en Sumet junt al barranc d&#8217;Aigualit.\" class=\"read-more\" href=\"https:\/\/elcafedepipa.com\/index.php\/2025\/08\/14\/esglai-per-un-incendi-que-afortunadament-no-ha-anat-a-mes-en-sumet-junt-al-barranc-daigualit\/\" aria-label=\"M\u00e9s informaci\u00f3 sobre Esglai per un incendi que afortunadament no ha anat a m\u00e9s en Sumet junt al barranc d&#8217;Aigualit.\">Read more<\/a><\/p>\n","protected":false},"author":2,"featured_media":16374,"comment_status":"closed","ping_status":"open","sticky":false,"template":"","format":"standard","meta":{"om_disable_all_campaigns":false,"_monsterinsights_skip_tracking":false,"_monsterinsights_sitenote_active":false,"_monsterinsights_sitenote_note":"","_monsterinsights_sitenote_category":0,"_uf_show_specific_survey":0,"_uf_disable_surveys":false,"footnotes":""},"categories":[1],"tags":[],"class_list":["post-16373","post","type-post","status-publish","format-standard","has-post-thumbnail","hentry","category-non-classe"],"_links":{"self":[{"href":"https:\/\/elcafedepipa.com\/index.php\/wp-json\/wp\/v2\/posts\/16373","targetHints":{"allow":["GET"]}}],"collection":[{"href":"https:\/\/elcafedepipa.com\/index.php\/wp-json\/wp\/v2\/posts"}],"about":[{"href":"https:\/\/elcafedepipa.com\/index.php\/wp-json\/wp\/v2\/types\/post"}],"author":[{"embeddable":true,"href":"https:\/\/elcafedepipa.com\/index.php\/wp-json\/wp\/v2\/users\/2"}],"replies":[{"embeddable":true,"href":"https:\/\/elcafedepipa.com\/index.php\/wp-json\/wp\/v2\/comments?post=16373"}],"version-history":[{"count":2,"href":"https:\/\/elcafedepipa.com\/index.php\/wp-json\/wp\/v2\/posts\/16373\/revisions"}],"predecessor-version":[{"id":16381,"href":"https:\/\/elcafedepipa.com\/index.php\/wp-json\/wp\/v2\/posts\/16373\/revisions\/16381"}],"wp:featuredmedia":[{"embeddable":true,"href":"https:\/\/elcafedepipa.com\/index.php\/wp-json\/wp\/v2\/media\/16374"}],"wp:attachment":[{"href":"https:\/\/elcafedepipa.com\/index.php\/wp-json\/wp\/v2\/media?parent=16373"}],"wp:term":[{"taxonomy":"category","embeddable":true,"href":"https:\/\/elcafedepipa.com\/index.php\/wp-json\/wp\/v2\/categories?post=16373"},{"taxonomy":"post_tag","embeddable":true,"href":"https:\/\/elcafedepipa.com\/index.php\/wp-json\/wp\/v2\/tags?post=16373"}],"curies":[{"name":"wp","href":"https:\/\/api.w.org\/{rel}","templated":true}]}}