{"id":16357,"date":"2025-08-13T15:20:22","date_gmt":"2025-08-13T13:20:22","guid":{"rendered":"https:\/\/elcafedepipa.com\/?p=16357"},"modified":"2025-08-13T15:21:16","modified_gmt":"2025-08-13T13:21:16","slug":"nules-treballa-diferents-habilitats-comunicatives-amb-les-persones-usuaries-del-programa-superat","status":"publish","type":"post","link":"https:\/\/elcafedepipa.com\/index.php\/2025\/08\/13\/nules-treballa-diferents-habilitats-comunicatives-amb-les-persones-usuaries-del-programa-superat\/","title":{"rendered":"Nules treballa diferents habilitats comunicatives amb les persones usu\u00e0ries del programa Supera&#8217;t"},"content":{"rendered":"\n<p><strong>Aprenen tamb\u00e9 sobre la hist\u00f2ria i la col\u00b7lecci\u00f3 de medalles del Museu de Medall\u00edstica Enrique Giner<\/strong><\/p>\n\n\n\n<p>Des del Programa d\u2019Itineraris d\u2019Inclusi\u00f3 Social Supera\u2019t a Nules s\u2019ha impartit un taller anomenat \u201cGrup de Not\u00edcies\u201d per a donar a con\u00e8ixer a les persones usu\u00e0ries d\u2019aquest programa diferents habilitats comunicatives com ara l\u2019escolta activa o l\u2019assertivitat.<\/p>\n\n\n\n<p>Aix\u00ed, en aquest taller les persones participants han pogut comentar not\u00edcies d\u2019actualitat, i han apr\u00e8s a compartir i argumentar els seus propis punts de vista i a con\u00e8ixer opinions i visions diferents.<\/p>\n\n\n\n<p>Per altra banda, tamb\u00e9 han realitzat una visita al Museu de Medall\u00edstica \u201cEnrique Giner\u201d on han pogut aprendre m\u00e9s sobre la hist\u00f2ria d\u2019aquest museu de Nules, i sobre la col\u00b7lecci\u00f3 de medalles realitzades per l\u2019artista Enrique Giner. Al mateix temps que, han pogut con\u00e8ixer tot el proc\u00e9s de creaci\u00f3 de les obres exposades.<\/p>\n\n\n\n<p>De fet, el Programa d\u2019Itineraris Integrats per a la Inserci\u00f3 Sociolaboral de Persones en situaci\u00f3 o risc d\u2019Exclusi\u00f3 Social que s\u2019anomena Supera\u2019t a Nules va dirigit a persones amb dificultats per a accedir al mercat laboral, principalment.<\/p>\n\n\n\n<p>Aquest programa est\u00e0 cofinan\u00e7at per la Generalitat Valenciana a trav\u00e9s de la Vicepresid\u00e8ncia Primera i la Conselleria de Serveis Socials, Igualtat i Habitatge i per la Uni\u00f3 Europea a trav\u00e9s del Programa Operatiu del Fons Social Europeu Plus (FSE+) de la Comunitat Valenciana (2021-2027). Per tant, per a desenvolupar aquest projecte es contracten a professionals de diferents \u00e0mbits como ara psic\u00f2legs, treballadors socials, orientadors laborals, o formadors per a l\u2019ocupaci\u00f3. En concret, el programa Supera\u2019t a Nules est\u00e0 format per dos professionals de la psicologia i dos t\u00e8cniques d\u2019Integraci\u00f3 Social.<\/p>\n\n\n\n<figure class=\"wp-block-image size-full\"><img fetchpriority=\"high\" decoding=\"async\" width=\"730\" height=\"803\" src=\"https:\/\/elcafedepipa.com\/wp-content\/uploads\/2025\/08\/Grupo-noticias.jpg\" alt=\"\" class=\"wp-image-16360\" srcset=\"https:\/\/elcafedepipa.com\/wp-content\/uploads\/2025\/08\/Grupo-noticias.jpg 730w, https:\/\/elcafedepipa.com\/wp-content\/uploads\/2025\/08\/Grupo-noticias-273x300.jpg 273w\" sizes=\"(max-width: 730px) 100vw, 730px\" \/><\/figure>\n","protected":false},"excerpt":{"rendered":"<p>Aprenen tamb\u00e9 sobre la hist\u00f2ria i la col\u00b7lecci\u00f3 de medalles del Museu de Medall\u00edstica Enrique Giner Des del Programa d\u2019Itineraris d\u2019Inclusi\u00f3 Social Supera\u2019t a Nules s\u2019ha impartit un taller anomenat \u201cGrup de Not\u00edcies\u201d per a donar a con\u00e8ixer a les persones usu\u00e0ries d\u2019aquest programa diferents habilitats comunicatives com ara l\u2019escolta activa o l\u2019assertivitat. Aix\u00ed, en &#8230; <a title=\"Nules treballa diferents habilitats comunicatives amb les persones usu\u00e0ries del programa Supera&#8217;t\" class=\"read-more\" href=\"https:\/\/elcafedepipa.com\/index.php\/2025\/08\/13\/nules-treballa-diferents-habilitats-comunicatives-amb-les-persones-usuaries-del-programa-superat\/\" aria-label=\"M\u00e9s informaci\u00f3 sobre Nules treballa diferents habilitats comunicatives amb les persones usu\u00e0ries del programa Supera&#8217;t\">Read more<\/a><\/p>\n","protected":false},"author":2,"featured_media":16358,"comment_status":"closed","ping_status":"closed","sticky":false,"template":"","format":"standard","meta":{"om_disable_all_campaigns":false,"_monsterinsights_skip_tracking":false,"_monsterinsights_sitenote_active":false,"_monsterinsights_sitenote_note":"","_monsterinsights_sitenote_category":0,"_uf_show_specific_survey":0,"_uf_disable_surveys":false,"footnotes":""},"categories":[3],"tags":[],"class_list":["post-16357","post","type-post","status-publish","format-standard","has-post-thumbnail","hentry","category-nules"],"_links":{"self":[{"href":"https:\/\/elcafedepipa.com\/index.php\/wp-json\/wp\/v2\/posts\/16357","targetHints":{"allow":["GET"]}}],"collection":[{"href":"https:\/\/elcafedepipa.com\/index.php\/wp-json\/wp\/v2\/posts"}],"about":[{"href":"https:\/\/elcafedepipa.com\/index.php\/wp-json\/wp\/v2\/types\/post"}],"author":[{"embeddable":true,"href":"https:\/\/elcafedepipa.com\/index.php\/wp-json\/wp\/v2\/users\/2"}],"replies":[{"embeddable":true,"href":"https:\/\/elcafedepipa.com\/index.php\/wp-json\/wp\/v2\/comments?post=16357"}],"version-history":[{"count":2,"href":"https:\/\/elcafedepipa.com\/index.php\/wp-json\/wp\/v2\/posts\/16357\/revisions"}],"predecessor-version":[{"id":16361,"href":"https:\/\/elcafedepipa.com\/index.php\/wp-json\/wp\/v2\/posts\/16357\/revisions\/16361"}],"wp:featuredmedia":[{"embeddable":true,"href":"https:\/\/elcafedepipa.com\/index.php\/wp-json\/wp\/v2\/media\/16358"}],"wp:attachment":[{"href":"https:\/\/elcafedepipa.com\/index.php\/wp-json\/wp\/v2\/media?parent=16357"}],"wp:term":[{"taxonomy":"category","embeddable":true,"href":"https:\/\/elcafedepipa.com\/index.php\/wp-json\/wp\/v2\/categories?post=16357"},{"taxonomy":"post_tag","embeddable":true,"href":"https:\/\/elcafedepipa.com\/index.php\/wp-json\/wp\/v2\/tags?post=16357"}],"curies":[{"name":"wp","href":"https:\/\/api.w.org\/{rel}","templated":true}]}}