{"id":16354,"date":"2025-08-13T15:17:56","date_gmt":"2025-08-13T13:17:56","guid":{"rendered":"https:\/\/elcafedepipa.com\/?p=16354"},"modified":"2025-08-13T15:17:57","modified_gmt":"2025-08-13T13:17:57","slug":"el-roadshow-de-experienciaincibe-arriba-a-la-vall-duixo-per-capacitar-en-ciberseguretat-la-ciutadania","status":"publish","type":"post","link":"https:\/\/elcafedepipa.com\/index.php\/2025\/08\/13\/el-roadshow-de-experienciaincibe-arriba-a-la-vall-duixo-per-capacitar-en-ciberseguretat-la-ciutadania\/","title":{"rendered":"El roadshow de #ExperienciaINCIBE arriba a la Vall d\u2019Uix\u00f3 per capacitar en ciberseguretat la ciutadania"},"content":{"rendered":"\n<p><strong>Es podr\u00e0 visitar el cami\u00f3 desplegable del 19 al 23 d&#8217;agost al recinte de festes<\/strong><\/p>\n\n\n\n<p>L&#8217;Institut Nacional de Ciberseguretat d&#8217;Espanya (INCIBE), entitat dependent del Ministeri per a la Transformaci\u00f3 Digital i de la Funci\u00f3 P\u00fablica, a trav\u00e9s de la Secretaria d&#8217;Estat de Telecomunicacions i Infraestructures Digitals, visitar\u00e0 el recinte de festes de la Vall d&#8217;Uix\u00f3, del 19 al 2 viatja per tot Espanya per capacitar en mat\u00e8ria de ciberseguretat tota la ciutadania (des de fam\u00edlies i menors, fins a p\u00fablic s\u00e8nior) i les empreses. L&#8217;horari ser\u00e0 de 10.00 a 14.00 hores i de 17.00 a 21.00 hores amb acc\u00e9s gratu\u00eft.<br>A trav\u00e9s d&#8217;aquesta iniciativa, que es realitza en el marc dels fons del Pla de Recuperaci\u00f3, Transformaci\u00f3 i Resili\u00e8ncia, finan\u00e7ada per la Uni\u00f3 Europea (Next Generation), INCIBE vol elevar els nivells necessaris de cultura en ciberseguretat que qualsevol usuari ha de posseir per desenvolupar-se amb confian\u00e7a i seguretat a l&#8217;era digital.<\/p>\n\n\n\n<p><strong>Quant al roadshow<\/strong><br>El roadshow, un cop desplegat, \u00e9s un espai vers\u00e0til, multifuncional i completament accessible, que disposa de dues grans zones, una \u00e0rea interior i una exterior, amb diverses activitats de conscienciaci\u00f3, formaci\u00f3 i l\u00fadiques, perqu\u00e8 tots els participants puguin divertir-se alhora que aprenen a navegar de manera segura per la xarxa.<br>En concret, l&#8217;espai interior, capa\u00e7 d&#8217;acollir 30 persones, compta amb una \u00e0rea de gamificaci\u00f3; zona expositiva de xerrades i continguts did\u00e0ctics; i una fuita room, on superar riscos digitals i desenvolupar accions per evitar i gestionar amenaces. Alhora, a l&#8217;espai exterior, amb capacitat per a 36 persones, s&#8217;habilita una zona de jocs i una cabina per poder contactar amb el 017, el servei &#8216;El teu Ajuda en Ciberseguretat&#8217; d&#8217;INCIBE.<br>Aquest format permet mantenir l&#8217;equitat en l&#8217;acc\u00e9s a la informaci\u00f3 i la capacitaci\u00f3 a qualsevol n\u00ednxol de poblaci\u00f3, apropant els continguts, els mitjans i els recursos a qualsevol col\u00b7lectiu, en qualsevol localitzaci\u00f3, en igualtat de condicions.<br>Per a m\u00e9s informaci\u00f3 sobre les localitzacions on estar\u00e0 el roadshow o per promoure que ens desplacem a un lloc en concret (tant grans com petites localitats), es pot visitar https:\/\/www.incibe.es\/experiencia-incibe\/roadshow<\/p>\n\n\n\n<h1 class=\"wp-block-heading\">Experi\u00e8ncia INCIBE<\/h1>\n\n\n\n<p>La ciberseguretat i la confian\u00e7a digital s\u00f3n dos dels reptes m\u00e9s importants a qu\u00e8 ens enfrontem. Per aix\u00f2, INCIBE ha engegat #ExperienciaINCIBE, un conjunt d&#8217;experi\u00e8ncies itinerants que, durant 3 anys, recorren la geografia espanyola per sensibilitzar, conscienciar, educar, promoure i divulgar la ciberseguretat entre tots els usuaris. El foment de la cultura de la ciberseguretat ha esdevingut un dels eixos centrals a desenvolupar per tal de comptar amb una societat m\u00e9s coneixedora de les amenaces i desafiaments a qu\u00e8 s&#8217;enfronta.<br>A m\u00e9s a m\u00e9s del roadshow, tamb\u00e9 est\u00e0 en marxa una altra experi\u00e8ncia m\u00e9s: un estand itinerant. Tota la informaci\u00f3 i propers empla\u00e7aments est\u00e0 disponible a https:\/\/www.incibe.es\/experiencia-incibe<\/p>\n","protected":false},"excerpt":{"rendered":"<p>Es podr\u00e0 visitar el cami\u00f3 desplegable del 19 al 23 d&#8217;agost al recinte de festes L&#8217;Institut Nacional de Ciberseguretat d&#8217;Espanya (INCIBE), entitat dependent del Ministeri per a la Transformaci\u00f3 Digital i de la Funci\u00f3 P\u00fablica, a trav\u00e9s de la Secretaria d&#8217;Estat de Telecomunicacions i Infraestructures Digitals, visitar\u00e0 el recinte de festes de la Vall d&#8217;Uix\u00f3, &#8230; <a title=\"El roadshow de #ExperienciaINCIBE arriba a la Vall d\u2019Uix\u00f3 per capacitar en ciberseguretat la ciutadania\" class=\"read-more\" href=\"https:\/\/elcafedepipa.com\/index.php\/2025\/08\/13\/el-roadshow-de-experienciaincibe-arriba-a-la-vall-duixo-per-capacitar-en-ciberseguretat-la-ciutadania\/\" aria-label=\"M\u00e9s informaci\u00f3 sobre El roadshow de #ExperienciaINCIBE arriba a la Vall d\u2019Uix\u00f3 per capacitar en ciberseguretat la ciutadania\">Read more<\/a><\/p>\n","protected":false},"author":2,"featured_media":16355,"comment_status":"closed","ping_status":"closed","sticky":false,"template":"","format":"standard","meta":{"om_disable_all_campaigns":false,"_monsterinsights_skip_tracking":false,"_monsterinsights_sitenote_active":false,"_monsterinsights_sitenote_note":"","_monsterinsights_sitenote_category":0,"_uf_show_specific_survey":0,"_uf_disable_surveys":false,"footnotes":""},"categories":[1],"tags":[],"class_list":["post-16354","post","type-post","status-publish","format-standard","has-post-thumbnail","hentry","category-non-classe"],"_links":{"self":[{"href":"https:\/\/elcafedepipa.com\/index.php\/wp-json\/wp\/v2\/posts\/16354","targetHints":{"allow":["GET"]}}],"collection":[{"href":"https:\/\/elcafedepipa.com\/index.php\/wp-json\/wp\/v2\/posts"}],"about":[{"href":"https:\/\/elcafedepipa.com\/index.php\/wp-json\/wp\/v2\/types\/post"}],"author":[{"embeddable":true,"href":"https:\/\/elcafedepipa.com\/index.php\/wp-json\/wp\/v2\/users\/2"}],"replies":[{"embeddable":true,"href":"https:\/\/elcafedepipa.com\/index.php\/wp-json\/wp\/v2\/comments?post=16354"}],"version-history":[{"count":1,"href":"https:\/\/elcafedepipa.com\/index.php\/wp-json\/wp\/v2\/posts\/16354\/revisions"}],"predecessor-version":[{"id":16356,"href":"https:\/\/elcafedepipa.com\/index.php\/wp-json\/wp\/v2\/posts\/16354\/revisions\/16356"}],"wp:featuredmedia":[{"embeddable":true,"href":"https:\/\/elcafedepipa.com\/index.php\/wp-json\/wp\/v2\/media\/16355"}],"wp:attachment":[{"href":"https:\/\/elcafedepipa.com\/index.php\/wp-json\/wp\/v2\/media?parent=16354"}],"wp:term":[{"taxonomy":"category","embeddable":true,"href":"https:\/\/elcafedepipa.com\/index.php\/wp-json\/wp\/v2\/categories?post=16354"},{"taxonomy":"post_tag","embeddable":true,"href":"https:\/\/elcafedepipa.com\/index.php\/wp-json\/wp\/v2\/tags?post=16354"}],"curies":[{"name":"wp","href":"https:\/\/api.w.org\/{rel}","templated":true}]}}