{"id":16348,"date":"2025-08-13T14:12:10","date_gmt":"2025-08-13T12:12:10","guid":{"rendered":"https:\/\/elcafedepipa.com\/?p=16348"},"modified":"2025-08-13T14:13:03","modified_gmt":"2025-08-13T12:13:03","slug":"el-grup-valler-bricks-the-yet-estrena-un-nou-single-amb-ritmes-llatins-imirada-critica","status":"publish","type":"post","link":"https:\/\/elcafedepipa.com\/index.php\/2025\/08\/13\/el-grup-valler-bricks-the-yet-estrena-un-nou-single-amb-ritmes-llatins-imirada-critica\/","title":{"rendered":"EL GRUP VALLER BRICKS THE YET ESTRENA UN NOU SINGLE AMB RITMES LLATINS I MIRADA CR\u00cdTICA"},"content":{"rendered":"\n<p>El grup musical Bricks the Yet, originari de la Vall d&#8217;Uix\u00f3 i en actiu des de 2019, presenta el seu nou single \u201cCasablanca\u201d, ja disponible en totes les plataformes digitals. Despr\u00e9s de tres anys de silenci discogr\u00e0fic, la banda torna amb un treball que combina l&#8217;ess\u00e8ncia mediterr\u00e0nia que la caracteritza amb influ\u00e8ncies de ritmes llatins, especialment la salsa, i una lletra que denuncia les dificultats i condicions laborals dels grups musicals emergents.<\/p>\n\n\n\n<p>El tema destaca per la riquesa r\u00edtmica de la xicoteta percussi\u00f3, la for\u00e7a dels instruments de vent-metall i un car\u00e0cter festiu que acompanya a un missatge comprom\u00e9s. El llan\u00e7ament inclou un videolyric en YouTube que, en refer\u00e8ncia als seus or\u00edgens, recorre la carretera CV-230 en direcci\u00f3 a Alfondeguilla, inversa al trajecte del videoclip del seu primer single, \u201cCV-230\u201d (2021).<\/p>\n\n\n\n<p>\u201cL&#8217;estil va molt en l\u00ednia amb la tend\u00e8ncia actual de reviure estils llatinoamericans com la salsa, la batxata o la samba. A m\u00e9s, crec que fa un primer pas en la nova etapa del grup, consolidant una maduresa musical que abans no ten\u00edem\u201d, afirma Josep Gregori, baixista de la banda. Per part seua, el bateria, Francesc Cubells, comenta que \u201cFa molt que no traiem una can\u00e7\u00f3 i aix\u00f2 ja \u00e9s motiu per a escoltar-la. A m\u00e9s, t\u00e9 ritmes poc habituals en el panorama valenci\u00e0 i una lletra molt representativa de molts grups que estan en la mateixa situaci\u00f3. Crec que cal donar suport a aquest tipus de causes\u201d.<\/p>\n\n\n\n<p>En la seua traject\u00f2ria, Bricks the Yet ha actuat en escenaris com la sala La Rambleta de Val\u00e8ncia, Benlloc, la Vall d&#8217;Uix\u00f3, la Vilavella, Eslida, Castell\u00f3 o Sagunt, i ha format part de cartells com el Morvedre Rock o el Tarugo Rock. Amb Casablanca, el grup apunta a una nova etapa creativa que promet continuar sorprenent.<\/p>\n\n\n\n<figure class=\"wp-block-image size-large\"><img fetchpriority=\"high\" decoding=\"async\" width=\"1024\" height=\"576\" src=\"https:\/\/elcafedepipa.com\/wp-content\/uploads\/2025\/08\/1-1024x576.jpg\" alt=\"\" class=\"wp-image-16350\" srcset=\"https:\/\/elcafedepipa.com\/wp-content\/uploads\/2025\/08\/1-1024x576.jpg 1024w, https:\/\/elcafedepipa.com\/wp-content\/uploads\/2025\/08\/1-300x169.jpg 300w, https:\/\/elcafedepipa.com\/wp-content\/uploads\/2025\/08\/1-768x432.jpg 768w, https:\/\/elcafedepipa.com\/wp-content\/uploads\/2025\/08\/1-1536x864.jpg 1536w, https:\/\/elcafedepipa.com\/wp-content\/uploads\/2025\/08\/1.jpg 1600w\" sizes=\"(max-width: 1024px) 100vw, 1024px\" \/><\/figure>\n\n\n\n<figure class=\"wp-block-image size-large\"><img decoding=\"async\" width=\"1024\" height=\"1024\" src=\"https:\/\/elcafedepipa.com\/wp-content\/uploads\/2025\/08\/3-1024x1024.jpg\" alt=\"\" class=\"wp-image-16351\" srcset=\"https:\/\/elcafedepipa.com\/wp-content\/uploads\/2025\/08\/3-1024x1024.jpg 1024w, https:\/\/elcafedepipa.com\/wp-content\/uploads\/2025\/08\/3-300x300.jpg 300w, https:\/\/elcafedepipa.com\/wp-content\/uploads\/2025\/08\/3-150x150.jpg 150w, https:\/\/elcafedepipa.com\/wp-content\/uploads\/2025\/08\/3-768x768.jpg 768w, https:\/\/elcafedepipa.com\/wp-content\/uploads\/2025\/08\/3-700x700.jpg 700w, https:\/\/elcafedepipa.com\/wp-content\/uploads\/2025\/08\/3-45x45.jpg 45w, https:\/\/elcafedepipa.com\/wp-content\/uploads\/2025\/08\/3.jpg 1080w\" sizes=\"(max-width: 1024px) 100vw, 1024px\" \/><\/figure>\n","protected":false},"excerpt":{"rendered":"<p>El grup musical Bricks the Yet, originari de la Vall d&#8217;Uix\u00f3 i en actiu des de 2019, presenta el seu nou single \u201cCasablanca\u201d, ja disponible en totes les plataformes digitals. Despr\u00e9s de tres anys de silenci discogr\u00e0fic, la banda torna amb un treball que combina l&#8217;ess\u00e8ncia mediterr\u00e0nia que la caracteritza amb influ\u00e8ncies de ritmes llatins, &#8230; <a title=\"EL GRUP VALLER BRICKS THE YET ESTRENA UN NOU SINGLE AMB RITMES LLATINS I MIRADA CR\u00cdTICA\" class=\"read-more\" href=\"https:\/\/elcafedepipa.com\/index.php\/2025\/08\/13\/el-grup-valler-bricks-the-yet-estrena-un-nou-single-amb-ritmes-llatins-imirada-critica\/\" aria-label=\"M\u00e9s informaci\u00f3 sobre EL GRUP VALLER BRICKS THE YET ESTRENA UN NOU SINGLE AMB RITMES LLATINS I MIRADA CR\u00cdTICA\">Read more<\/a><\/p>\n","protected":false},"author":2,"featured_media":16349,"comment_status":"closed","ping_status":"closed","sticky":false,"template":"","format":"standard","meta":{"om_disable_all_campaigns":false,"_monsterinsights_skip_tracking":false,"_monsterinsights_sitenote_active":false,"_monsterinsights_sitenote_note":"","_monsterinsights_sitenote_category":0,"_uf_show_specific_survey":0,"_uf_disable_surveys":false,"footnotes":""},"categories":[1],"tags":[],"class_list":["post-16348","post","type-post","status-publish","format-standard","has-post-thumbnail","hentry","category-non-classe"],"_links":{"self":[{"href":"https:\/\/elcafedepipa.com\/index.php\/wp-json\/wp\/v2\/posts\/16348","targetHints":{"allow":["GET"]}}],"collection":[{"href":"https:\/\/elcafedepipa.com\/index.php\/wp-json\/wp\/v2\/posts"}],"about":[{"href":"https:\/\/elcafedepipa.com\/index.php\/wp-json\/wp\/v2\/types\/post"}],"author":[{"embeddable":true,"href":"https:\/\/elcafedepipa.com\/index.php\/wp-json\/wp\/v2\/users\/2"}],"replies":[{"embeddable":true,"href":"https:\/\/elcafedepipa.com\/index.php\/wp-json\/wp\/v2\/comments?post=16348"}],"version-history":[{"count":2,"href":"https:\/\/elcafedepipa.com\/index.php\/wp-json\/wp\/v2\/posts\/16348\/revisions"}],"predecessor-version":[{"id":16353,"href":"https:\/\/elcafedepipa.com\/index.php\/wp-json\/wp\/v2\/posts\/16348\/revisions\/16353"}],"wp:featuredmedia":[{"embeddable":true,"href":"https:\/\/elcafedepipa.com\/index.php\/wp-json\/wp\/v2\/media\/16349"}],"wp:attachment":[{"href":"https:\/\/elcafedepipa.com\/index.php\/wp-json\/wp\/v2\/media?parent=16348"}],"wp:term":[{"taxonomy":"category","embeddable":true,"href":"https:\/\/elcafedepipa.com\/index.php\/wp-json\/wp\/v2\/categories?post=16348"},{"taxonomy":"post_tag","embeddable":true,"href":"https:\/\/elcafedepipa.com\/index.php\/wp-json\/wp\/v2\/tags?post=16348"}],"curies":[{"name":"wp","href":"https:\/\/api.w.org\/{rel}","templated":true}]}}