{"id":16310,"date":"2025-08-12T15:42:26","date_gmt":"2025-08-12T13:42:26","guid":{"rendered":"https:\/\/elcafedepipa.com\/?p=16310"},"modified":"2025-08-12T15:42:28","modified_gmt":"2025-08-12T13:42:28","slug":"nules-incentiva-a-la-ciutadania-a-incrementar-el-reciclatge-de-vidre","status":"publish","type":"post","link":"https:\/\/elcafedepipa.com\/index.php\/2025\/08\/12\/nules-incentiva-a-la-ciutadania-a-incrementar-el-reciclatge-de-vidre\/","title":{"rendered":"Nules incentiva a la ciutadania a incrementar el reciclatge de vidre"},"content":{"rendered":"\n<p><strong>Els dies de festes es refor\u00e7ar\u00e0 amb m\u00e9s contenidors de vidre les zones amb actes multitudinaris<\/strong><\/p>\n\n\n\n<p>Nules est\u00e0 portant a terme diferents accions enfocades a incentivar el reciclatge d\u2019envasos de vidre, principalment. De fet, la idea \u00e9s fomentar aquest tipus de reciclatge entre la ciutadania, de la mateixa manera que es fa tamb\u00e9 en el per\u00edode d\u2019estiu en els locals d\u2019hostaleria.<\/p>\n\n\n\n<p>Aix\u00ed doncs, els educadors ambientals han estat els encarregats de desenvolupar aquestes accions que s\u2019han realitzat al mercat ambulant de Nules i al de la poblaci\u00f3 mar\u00edtima, de manera que s\u2019ha informat al ve\u00efnat de la import\u00e0ncia del reciclatge dels diferents residus, i en especial dels envasos de vidre. En aquest sentit, han pogut tamb\u00e9 omplir un q\u00fcestionari amb el qual han participat en el sorteig d\u2019un igl\u00fa, amb el qual es busca facilitar precisament el reciclatge de vidre.<\/p>\n\n\n\n<p>Aquesta campanya \u00e9s una continu\u00eftat de la campanya #MovimientoBanderasVerdes que promou Ecovidrio, enfocada a guardonar&nbsp; l\u2019esfor\u00e7 dels establiments hostalers i l\u2019activisme dels municipis costers en la recollida selectiva d\u2019envasos de vidre que es desenvolupa durant els mesos de juliol i d\u2019agost, en la qual&nbsp; participa Nules amb un total de 52 hostalers locals.<\/p>\n\n\n\n<p>Aix\u00ed, el regidor de Medi Ambient, C\u00e9sar Esta\u00f1ol, comenta al respecte que \u201chem volgut aprofitar aquesta campanya per a conscienciar&nbsp; i fomentar la recollida selectiva d\u2019envasos de vidre entre la poblaci\u00f3 del nostre municipi\u201d.<\/p>\n\n\n\n<p>Per altra banda, des de la regidoria de Medi Ambient s\u2019assenyala que a les festes patronals en honor a Sant Bartomeu, que tindran lloc els dies del 22 al 31 d\u2019agost, s\u2019incrementar\u00e0 el n\u00famero de contenidors de vidre i es refor\u00e7ar\u00e0 aquest servei en les zones que albergen actes multitudinaris com ara al mes\u00f3 de la tapa, al sopar de germanor o als espais on s\u2019instal\u00b7laran les barres de les discom\u00f2bils.&nbsp;&nbsp;&nbsp;&nbsp;&nbsp;&nbsp;&nbsp;&nbsp;&nbsp;&nbsp;&nbsp;&nbsp;&nbsp;&nbsp;&nbsp;&nbsp;&nbsp;&nbsp;&nbsp;&nbsp;&nbsp;&nbsp;&nbsp;&nbsp;&nbsp;&nbsp;&nbsp;&nbsp;&nbsp;&nbsp;&nbsp;&nbsp;&nbsp;&nbsp;&nbsp;&nbsp;&nbsp;&nbsp;&nbsp;&nbsp;&nbsp;&nbsp;&nbsp;&nbsp;&nbsp;&nbsp;&nbsp;&nbsp;&nbsp;&nbsp;&nbsp;&nbsp;&nbsp;&nbsp;<\/p>\n","protected":false},"excerpt":{"rendered":"<p>Els dies de festes es refor\u00e7ar\u00e0 amb m\u00e9s contenidors de vidre les zones amb actes multitudinaris Nules est\u00e0 portant a terme diferents accions enfocades a incentivar el reciclatge d\u2019envasos de vidre, principalment. De fet, la idea \u00e9s fomentar aquest tipus de reciclatge entre la ciutadania, de la mateixa manera que es fa tamb\u00e9 en el &#8230; <a title=\"Nules incentiva a la ciutadania a incrementar el reciclatge de vidre\" class=\"read-more\" href=\"https:\/\/elcafedepipa.com\/index.php\/2025\/08\/12\/nules-incentiva-a-la-ciutadania-a-incrementar-el-reciclatge-de-vidre\/\" aria-label=\"M\u00e9s informaci\u00f3 sobre Nules incentiva a la ciutadania a incrementar el reciclatge de vidre\">Read more<\/a><\/p>\n","protected":false},"author":2,"featured_media":16311,"comment_status":"closed","ping_status":"closed","sticky":false,"template":"","format":"standard","meta":{"om_disable_all_campaigns":false,"_monsterinsights_skip_tracking":false,"_monsterinsights_sitenote_active":false,"_monsterinsights_sitenote_note":"","_monsterinsights_sitenote_category":0,"_uf_show_specific_survey":0,"_uf_disable_surveys":false,"footnotes":""},"categories":[3],"tags":[],"class_list":["post-16310","post","type-post","status-publish","format-standard","has-post-thumbnail","hentry","category-nules"],"_links":{"self":[{"href":"https:\/\/elcafedepipa.com\/index.php\/wp-json\/wp\/v2\/posts\/16310","targetHints":{"allow":["GET"]}}],"collection":[{"href":"https:\/\/elcafedepipa.com\/index.php\/wp-json\/wp\/v2\/posts"}],"about":[{"href":"https:\/\/elcafedepipa.com\/index.php\/wp-json\/wp\/v2\/types\/post"}],"author":[{"embeddable":true,"href":"https:\/\/elcafedepipa.com\/index.php\/wp-json\/wp\/v2\/users\/2"}],"replies":[{"embeddable":true,"href":"https:\/\/elcafedepipa.com\/index.php\/wp-json\/wp\/v2\/comments?post=16310"}],"version-history":[{"count":1,"href":"https:\/\/elcafedepipa.com\/index.php\/wp-json\/wp\/v2\/posts\/16310\/revisions"}],"predecessor-version":[{"id":16312,"href":"https:\/\/elcafedepipa.com\/index.php\/wp-json\/wp\/v2\/posts\/16310\/revisions\/16312"}],"wp:featuredmedia":[{"embeddable":true,"href":"https:\/\/elcafedepipa.com\/index.php\/wp-json\/wp\/v2\/media\/16311"}],"wp:attachment":[{"href":"https:\/\/elcafedepipa.com\/index.php\/wp-json\/wp\/v2\/media?parent=16310"}],"wp:term":[{"taxonomy":"category","embeddable":true,"href":"https:\/\/elcafedepipa.com\/index.php\/wp-json\/wp\/v2\/categories?post=16310"},{"taxonomy":"post_tag","embeddable":true,"href":"https:\/\/elcafedepipa.com\/index.php\/wp-json\/wp\/v2\/tags?post=16310"}],"curies":[{"name":"wp","href":"https:\/\/api.w.org\/{rel}","templated":true}]}}