{"id":16303,"date":"2025-08-12T13:14:08","date_gmt":"2025-08-12T11:14:08","guid":{"rendered":"https:\/\/elcafedepipa.com\/?p=16303"},"modified":"2025-08-12T13:14:09","modified_gmt":"2025-08-12T11:14:09","slug":"el-pp-de-nules-demana-reforcar-el-manteniment-de-la-via-publica-per-a-atendre-els-veins-com-mereixen","status":"publish","type":"post","link":"https:\/\/elcafedepipa.com\/index.php\/2025\/08\/12\/el-pp-de-nules-demana-reforcar-el-manteniment-de-la-via-publica-per-a-atendre-els-veins-com-mereixen\/","title":{"rendered":"El PP de Nules demana refor\u00e7ar el manteniment de la via p\u00fablica &#8220;per a atendre els ve\u00efns com mereixen&#8221;"},"content":{"rendered":"\n<p>Les zones enjardinades, els parcs p\u00fablics, els equipaments o les zones infantils \u201cs\u00f3n recursos que paguem dels nostres impostos. El seu estat de conservaci\u00f3 i manteniment hauria de ser \u00f2ptim\u201d.<\/p>\n\n\n\n<p>Susana Sorribes, regidora del PP a l&#8217;Ajuntament de Nules, ha fet estes declaracions davant l&#8217;aband\u00f3 que moltes zones p\u00fabliques presenten \u201ci la falta de reacci\u00f3 d&#8217;un equip de govern que viu una realitat paral\u00b7lela\u201d.<\/p>\n\n\n\n<p>Per a la regidora del PP, \u201cestos recursos que ixen dels nostres impostos estarien en millors condicions si hi haguera un comprom\u00eds en ferm de l&#8217;equip de govern per la nostra localitat\u201d. Perqu\u00e8, \u201cper a evitar la degradaci\u00f3 que hui patim fa falta implicaci\u00f3, i aix\u00f2 \u00e9s precisament el que trobem a faltar\u201d.<\/p>\n\n\n\n<p>Bancs en mal estat, jocs infantils degradats, treballs de jardineria pendents o equipaments trencats i pendents de canvi o reparaci\u00f3 \u201cs\u00f3n un cl\u00e0ssic al nostre poble. I ens fa mal. Perqu\u00e8 a m\u00e9s de prestar un precari servici als ve\u00efns, traslladem una imatge d&#8217;aband\u00f3 que ens fa mal a tots\u201d.<\/p>\n\n\n\n<p>En este sentit, Sorribes considera que la \u201cmillor gesti\u00f3 \u00e9s aquella que no espera que arriben els problemes o les queixes. \u00c9s la que actua amb la deguda antelaci\u00f3 per a donar servici. La que planifica i inspecciona i revisa peri\u00f2dicament, amb l&#8217;objectiu de detectar problemes i resoldre&#8217;ls, sense enquistar-los\u201d. \u00c9s per aix\u00f2 que des del PP tornen a llan\u00e7ar un missatge de \u201ccomprom\u00eds i esfor\u00e7. No \u00e9s el PP el que el demana. \u00c9s Nules. I el nostre poble ho mereix tot\u201d, ha concl\u00f2s la regidora del PP.<\/p>\n\n\n\n<p><\/p>\n","protected":false},"excerpt":{"rendered":"<p>Les zones enjardinades, els parcs p\u00fablics, els equipaments o les zones infantils \u201cs\u00f3n recursos que paguem dels nostres impostos. El seu estat de conservaci\u00f3 i manteniment hauria de ser \u00f2ptim\u201d. Susana Sorribes, regidora del PP a l&#8217;Ajuntament de Nules, ha fet estes declaracions davant l&#8217;aband\u00f3 que moltes zones p\u00fabliques presenten \u201ci la falta de reacci\u00f3 &#8230; <a title=\"El PP de Nules demana refor\u00e7ar el manteniment de la via p\u00fablica &#8220;per a atendre els ve\u00efns com mereixen&#8221;\" class=\"read-more\" href=\"https:\/\/elcafedepipa.com\/index.php\/2025\/08\/12\/el-pp-de-nules-demana-reforcar-el-manteniment-de-la-via-publica-per-a-atendre-els-veins-com-mereixen\/\" aria-label=\"M\u00e9s informaci\u00f3 sobre El PP de Nules demana refor\u00e7ar el manteniment de la via p\u00fablica &#8220;per a atendre els ve\u00efns com mereixen&#8221;\">Read more<\/a><\/p>\n","protected":false},"author":2,"featured_media":16304,"comment_status":"closed","ping_status":"closed","sticky":false,"template":"","format":"standard","meta":{"om_disable_all_campaigns":false,"_monsterinsights_skip_tracking":false,"_monsterinsights_sitenote_active":false,"_monsterinsights_sitenote_note":"","_monsterinsights_sitenote_category":0,"_uf_show_specific_survey":0,"_uf_disable_surveys":false,"footnotes":""},"categories":[3],"tags":[],"class_list":["post-16303","post","type-post","status-publish","format-standard","has-post-thumbnail","hentry","category-nules"],"_links":{"self":[{"href":"https:\/\/elcafedepipa.com\/index.php\/wp-json\/wp\/v2\/posts\/16303","targetHints":{"allow":["GET"]}}],"collection":[{"href":"https:\/\/elcafedepipa.com\/index.php\/wp-json\/wp\/v2\/posts"}],"about":[{"href":"https:\/\/elcafedepipa.com\/index.php\/wp-json\/wp\/v2\/types\/post"}],"author":[{"embeddable":true,"href":"https:\/\/elcafedepipa.com\/index.php\/wp-json\/wp\/v2\/users\/2"}],"replies":[{"embeddable":true,"href":"https:\/\/elcafedepipa.com\/index.php\/wp-json\/wp\/v2\/comments?post=16303"}],"version-history":[{"count":1,"href":"https:\/\/elcafedepipa.com\/index.php\/wp-json\/wp\/v2\/posts\/16303\/revisions"}],"predecessor-version":[{"id":16305,"href":"https:\/\/elcafedepipa.com\/index.php\/wp-json\/wp\/v2\/posts\/16303\/revisions\/16305"}],"wp:featuredmedia":[{"embeddable":true,"href":"https:\/\/elcafedepipa.com\/index.php\/wp-json\/wp\/v2\/media\/16304"}],"wp:attachment":[{"href":"https:\/\/elcafedepipa.com\/index.php\/wp-json\/wp\/v2\/media?parent=16303"}],"wp:term":[{"taxonomy":"category","embeddable":true,"href":"https:\/\/elcafedepipa.com\/index.php\/wp-json\/wp\/v2\/categories?post=16303"},{"taxonomy":"post_tag","embeddable":true,"href":"https:\/\/elcafedepipa.com\/index.php\/wp-json\/wp\/v2\/tags?post=16303"}],"curies":[{"name":"wp","href":"https:\/\/api.w.org\/{rel}","templated":true}]}}