{"id":16287,"date":"2025-08-11T14:06:58","date_gmt":"2025-08-11T12:06:58","guid":{"rendered":"https:\/\/elcafedepipa.com\/?p=16287"},"modified":"2025-08-11T14:06:59","modified_gmt":"2025-08-11T12:06:59","slug":"nules-contracta-a-tres-persones-aturades-a-traves-del-pla-docupacio-de-la-diputacio","status":"publish","type":"post","link":"https:\/\/elcafedepipa.com\/index.php\/2025\/08\/11\/nules-contracta-a-tres-persones-aturades-a-traves-del-pla-docupacio-de-la-diputacio\/","title":{"rendered":"Nules contracta a tres persones aturades a trav\u00e9s del pla d&#8217;ocupaci\u00f3 de la Diputaci\u00f3"},"content":{"rendered":"\n<p><strong>Rep una subvenci\u00f3 de m\u00e9s de 8.000 euros de l\u2019entitat provincial<\/strong><\/p>\n\n\n\n<p>L\u2019Ajuntament de Nules ha contractat recentment a tres persones desocupades del municipi &nbsp;a trav\u00e9s del Pla&nbsp; d\u2019Ocupaci\u00f3 de la Diputaci\u00f3 Provincial de Castell\u00f3 2025 destinat a l\u2019execuci\u00f3 d\u2019obres i serveis d\u2019inter\u00e8s general i social.<\/p>\n\n\n\n<p>En concret, aquestes persones es troben treballant en el departament d\u2019Obres i Serveis del consistori per un per\u00edode de tres mesos, es tracta doncs d\u2019un conserge i de dos peons d\u2019obres que desenvolupen diferents tasques a la zona de la platja de Nules en els mesos de m\u00e9s aflu\u00e8ncia de ve\u00efnat. De manera que, el conserge es troba realitzant diferents tasques a l\u2019edifici municipal de l\u2019Estany com ara la neteja d\u2019aquest espai p\u00fablic, o el control d\u2019entrades a les activitats culturals i esportives que all\u00ed se celebren; per la seua banda els peons estan portant a terme treballs de neteja a la zona de la platja.<\/p>\n\n\n\n<p>Cal assenyalar que, aquesta actuaci\u00f3 t\u00e9 un cost total de 17.180,97 euros. De fet, l\u2019Ajuntament de Nules ha rebut una subvenci\u00f3 8.573,34 euros de la Diputaci\u00f3 Provincial de Castell\u00f3 emmarcada en el Pla d\u2019Ocupaci\u00f3 per a la contractaci\u00f3 temporal d\u2019aquestes persones. A m\u00e9s, l\u2019aportaci\u00f3 municipal per a aquest pla \u00e9s de 5.036,20 euros.<\/p>\n\n\n\n<p>Amb tot, la regidora de Pol\u00edtiques d\u2019Ocupaci\u00f3, Rosa Ventura, comenta que \u201cdes del consistori seguim treballant per millorar l\u2019ocupabilitat i la inserci\u00f3 laboral de les persones desocupades de la nostra poblaci\u00f3, aix\u00ed amb aquesta contractaci\u00f3 temporal es vol activar l\u2019ocupaci\u00f3 d\u2019aquestes persones en el per\u00edode estival\u201d. &nbsp;&nbsp;<\/p>\n\n\n\n<figure class=\"wp-block-image size-large\"><img fetchpriority=\"high\" decoding=\"async\" width=\"768\" height=\"1024\" src=\"https:\/\/elcafedepipa.com\/wp-content\/uploads\/2025\/08\/1-FOTOS-DE-CONSERJE-768x1024.jpg\" alt=\"\" class=\"wp-image-16289\" srcset=\"https:\/\/elcafedepipa.com\/wp-content\/uploads\/2025\/08\/1-FOTOS-DE-CONSERJE-768x1024.jpg 768w, https:\/\/elcafedepipa.com\/wp-content\/uploads\/2025\/08\/1-FOTOS-DE-CONSERJE-225x300.jpg 225w, https:\/\/elcafedepipa.com\/wp-content\/uploads\/2025\/08\/1-FOTOS-DE-CONSERJE-1152x1536.jpg 1152w, https:\/\/elcafedepipa.com\/wp-content\/uploads\/2025\/08\/1-FOTOS-DE-CONSERJE.jpg 1200w\" sizes=\"(max-width: 768px) 100vw, 768px\" \/><\/figure>\n","protected":false},"excerpt":{"rendered":"<p>Rep una subvenci\u00f3 de m\u00e9s de 8.000 euros de l\u2019entitat provincial L\u2019Ajuntament de Nules ha contractat recentment a tres persones desocupades del municipi &nbsp;a trav\u00e9s del Pla&nbsp; d\u2019Ocupaci\u00f3 de la Diputaci\u00f3 Provincial de Castell\u00f3 2025 destinat a l\u2019execuci\u00f3 d\u2019obres i serveis d\u2019inter\u00e8s general i social. En concret, aquestes persones es troben treballant en el departament &#8230; <a title=\"Nules contracta a tres persones aturades a trav\u00e9s del pla d&#8217;ocupaci\u00f3 de la Diputaci\u00f3\" class=\"read-more\" href=\"https:\/\/elcafedepipa.com\/index.php\/2025\/08\/11\/nules-contracta-a-tres-persones-aturades-a-traves-del-pla-docupacio-de-la-diputacio\/\" aria-label=\"M\u00e9s informaci\u00f3 sobre Nules contracta a tres persones aturades a trav\u00e9s del pla d&#8217;ocupaci\u00f3 de la Diputaci\u00f3\">Read more<\/a><\/p>\n","protected":false},"author":2,"featured_media":16288,"comment_status":"closed","ping_status":"closed","sticky":false,"template":"","format":"standard","meta":{"om_disable_all_campaigns":false,"_monsterinsights_skip_tracking":false,"_monsterinsights_sitenote_active":false,"_monsterinsights_sitenote_note":"","_monsterinsights_sitenote_category":0,"_uf_show_specific_survey":0,"_uf_disable_surveys":false,"footnotes":""},"categories":[3],"tags":[],"class_list":["post-16287","post","type-post","status-publish","format-standard","has-post-thumbnail","hentry","category-nules"],"_links":{"self":[{"href":"https:\/\/elcafedepipa.com\/index.php\/wp-json\/wp\/v2\/posts\/16287","targetHints":{"allow":["GET"]}}],"collection":[{"href":"https:\/\/elcafedepipa.com\/index.php\/wp-json\/wp\/v2\/posts"}],"about":[{"href":"https:\/\/elcafedepipa.com\/index.php\/wp-json\/wp\/v2\/types\/post"}],"author":[{"embeddable":true,"href":"https:\/\/elcafedepipa.com\/index.php\/wp-json\/wp\/v2\/users\/2"}],"replies":[{"embeddable":true,"href":"https:\/\/elcafedepipa.com\/index.php\/wp-json\/wp\/v2\/comments?post=16287"}],"version-history":[{"count":1,"href":"https:\/\/elcafedepipa.com\/index.php\/wp-json\/wp\/v2\/posts\/16287\/revisions"}],"predecessor-version":[{"id":16290,"href":"https:\/\/elcafedepipa.com\/index.php\/wp-json\/wp\/v2\/posts\/16287\/revisions\/16290"}],"wp:featuredmedia":[{"embeddable":true,"href":"https:\/\/elcafedepipa.com\/index.php\/wp-json\/wp\/v2\/media\/16288"}],"wp:attachment":[{"href":"https:\/\/elcafedepipa.com\/index.php\/wp-json\/wp\/v2\/media?parent=16287"}],"wp:term":[{"taxonomy":"category","embeddable":true,"href":"https:\/\/elcafedepipa.com\/index.php\/wp-json\/wp\/v2\/categories?post=16287"},{"taxonomy":"post_tag","embeddable":true,"href":"https:\/\/elcafedepipa.com\/index.php\/wp-json\/wp\/v2\/tags?post=16287"}],"curies":[{"name":"wp","href":"https:\/\/api.w.org\/{rel}","templated":true}]}}