{"id":16284,"date":"2025-08-11T12:45:08","date_gmt":"2025-08-11T10:45:08","guid":{"rendered":"https:\/\/elcafedepipa.com\/?p=16284"},"modified":"2025-08-11T12:45:09","modified_gmt":"2025-08-11T10:45:09","slug":"la-diputacio-de-castello-fomenta-la-participacio-ciutadana-i-promou-la-relacio-entre-les-associacions-veinals-de-la-provincia","status":"publish","type":"post","link":"https:\/\/elcafedepipa.com\/index.php\/2025\/08\/11\/la-diputacio-de-castello-fomenta-la-participacio-ciutadana-i-promou-la-relacio-entre-les-associacions-veinals-de-la-provincia\/","title":{"rendered":"La Diputaci\u00f3 de Castell\u00f3 fomenta la participaci\u00f3 ciutadana i promou la relaci\u00f3 entre les associacions ve\u00efnals de la prov\u00edncia"},"content":{"rendered":"\n<p>\u201cDes de la instituci\u00f3 provincial treballem per a portar la participaci\u00f3 i la transpar\u00e8ncia a cada rac\u00f3 de la nostra terra com a eix fonamental per a avan\u00e7ar en qualitat democr\u00e0tica\u201d, ha destacat la diputada de Participaci\u00f3 Ciutadana, Mar\u00eda Tormo, qui ha incidit en qu\u00e8 \u201cla participaci\u00f3 ciutadana constitu\u00efx un dels pilars fonamentals en la gesti\u00f3 de l&#8217;equip de Govern Provincial\u201d.<\/p>\n\n\n\n<p>En este sentit, la Diputaci\u00f3 de Castell\u00f3 ha activat una l\u00ednia d&#8217;ajudes per a finan\u00e7ar activitats i projectes que fomenten la participaci\u00f3 ciutadana i la integraci\u00f3 d&#8217;associacions i entitats ciutadanes en \u00f2rgans federatius de car\u00e0cter provincial.<\/p>\n\n\n\n<p>\u201cEn l&#8217;equip de Govern Provincial som conscients de la necess\u00e0ria i estreta col\u00b7laboraci\u00f3 entre la instituci\u00f3 provincial i els ciutadans de la nostra prov\u00edncia per a aconseguir objectius comuns que beneficien a tot el territori, i esta l\u00ednia d&#8217;ajudes refor\u00e7a el nostre comprom\u00eds per construir, entre tots, una societat millor\u201d, ha enaltit la diputada provincial.<\/p>\n\n\n\n<p>I \u00e9s que, \u201cgr\u00e0cies a la participaci\u00f3, els governs s&#8217;enfortixen i els interessos socials s&#8217;incorporen a l&#8217;agenda p\u00fablica\u201d, ha subratllat Mar\u00eda Tormo.<\/p>\n\n\n\n<p>Aix\u00ed, la instituci\u00f3 provincial ja ha aprovat la bases que regiran la concessi\u00f3 de subvencions a les Federacions Provincials d&#8217;Associacions Ve\u00efnals de la prov\u00edncia de Castell\u00f3 per a la celebraci\u00f3 d&#8217;activitats de promoci\u00f3 i la difusi\u00f3 de la participaci\u00f3 ciutadana mitjan\u00e7ant l&#8217;organitzaci\u00f3 de jornades, tallers, trobades amb associacions i sessions formatives que es realitzen durant 2025.<\/p>\n\n\n\n<p>La convocat\u00f2ria d&#8217;esta l\u00ednia de subvencions compta amb un pressupost de 18.000 euros i podran beneficiar-se les Federacions Provincials d&#8217;Associacions Ve\u00efnals de Castell\u00f3 inscrites en el corresponent registre d&#8217;associacions ciutadanes dependents del servici d&#8217;Administraci\u00f3 i Innovaci\u00f3 P\u00fablica.<\/p>\n\n\n\n<p>A m\u00e9s, hauran d&#8217;estar legalment constitu\u00efdes i inscrites formalment com a tals en els corresponents Registres Oficials, almenys amb un any d&#8217;antelaci\u00f3 a la data de publicaci\u00f3 de les bases, i trobar-se al corrent de les obligacions tribut\u00e0ries i enfront de la Seguretat Social.<\/p>\n\n\n\n<p>D&#8217;esta manera, la diputada ha ressaltat la import\u00e0ncia de \u201ccooperar la relaci\u00f3 entre ve\u00efns d&#8217;una mateixa comunitat per a afavorir les relacions entre les associacions integrades en estes federacions i atendre les necessitats de tots elles, amb l&#8217;objectiu de continuar construint una societat m\u00e9s participativa\u201d.<\/p>\n\n\n\n<p>Quant a les subvencions, es destinaran per a la realitzaci\u00f3 de tallers, cursos, jornades, trobades i un altre tipus d&#8217;accions destinades a la formaci\u00f3 de l&#8217;associacionisme ve\u00efnal i la cooperaci\u00f3 inter associativa. Aix\u00ed mateix, tamb\u00e9 es contemplen accions destinades a l&#8217;assessorament a les associacions i a la societat en general en mat\u00e8ria associativa, realitzaci\u00f3 d&#8217;estudis i investigacions i tot tipus de material informatiu i de difusi\u00f3 relacionats amb la participaci\u00f3 ciutadana, la transpar\u00e8ncia i l&#8217;acc\u00e9s a la informaci\u00f3 p\u00fablica.<\/p>\n\n\n\n<p>Al respecte, la diputada ha expressat que tamb\u00e9 se subvencionaran aquelles activitats destinades a \u201cla difusi\u00f3 i el coneixement de les pol\u00edtiques p\u00fabliques de govern obert, i els mecanismes de relaci\u00f3 de la ciutadania i les associacions amb les administracions p\u00fabliques\u201d. Perqu\u00e8 \u201cuna ciutadania informada i activa millorar\u00e0 la nostra prov\u00edncia\u201d, ha afegit la diputada Mar\u00eda Tormo.<\/p>\n","protected":false},"excerpt":{"rendered":"<p>\u201cDes de la instituci\u00f3 provincial treballem per a portar la participaci\u00f3 i la transpar\u00e8ncia a cada rac\u00f3 de la nostra terra com a eix fonamental per a avan\u00e7ar en qualitat democr\u00e0tica\u201d, ha destacat la diputada de Participaci\u00f3 Ciutadana, Mar\u00eda Tormo, qui ha incidit en qu\u00e8 \u201cla participaci\u00f3 ciutadana constitu\u00efx un dels pilars fonamentals en la &#8230; <a title=\"La Diputaci\u00f3 de Castell\u00f3 fomenta la participaci\u00f3 ciutadana i promou la relaci\u00f3 entre les associacions ve\u00efnals de la prov\u00edncia\" class=\"read-more\" href=\"https:\/\/elcafedepipa.com\/index.php\/2025\/08\/11\/la-diputacio-de-castello-fomenta-la-participacio-ciutadana-i-promou-la-relacio-entre-les-associacions-veinals-de-la-provincia\/\" aria-label=\"M\u00e9s informaci\u00f3 sobre La Diputaci\u00f3 de Castell\u00f3 fomenta la participaci\u00f3 ciutadana i promou la relaci\u00f3 entre les associacions ve\u00efnals de la prov\u00edncia\">Read more<\/a><\/p>\n","protected":false},"author":2,"featured_media":16285,"comment_status":"closed","ping_status":"closed","sticky":false,"template":"","format":"standard","meta":{"om_disable_all_campaigns":false,"_monsterinsights_skip_tracking":false,"_monsterinsights_sitenote_active":false,"_monsterinsights_sitenote_note":"","_monsterinsights_sitenote_category":0,"_uf_show_specific_survey":0,"_uf_disable_surveys":false,"footnotes":""},"categories":[10],"tags":[],"class_list":["post-16284","post","type-post","status-publish","format-standard","has-post-thumbnail","hentry","category-provinciadecastello"],"_links":{"self":[{"href":"https:\/\/elcafedepipa.com\/index.php\/wp-json\/wp\/v2\/posts\/16284","targetHints":{"allow":["GET"]}}],"collection":[{"href":"https:\/\/elcafedepipa.com\/index.php\/wp-json\/wp\/v2\/posts"}],"about":[{"href":"https:\/\/elcafedepipa.com\/index.php\/wp-json\/wp\/v2\/types\/post"}],"author":[{"embeddable":true,"href":"https:\/\/elcafedepipa.com\/index.php\/wp-json\/wp\/v2\/users\/2"}],"replies":[{"embeddable":true,"href":"https:\/\/elcafedepipa.com\/index.php\/wp-json\/wp\/v2\/comments?post=16284"}],"version-history":[{"count":1,"href":"https:\/\/elcafedepipa.com\/index.php\/wp-json\/wp\/v2\/posts\/16284\/revisions"}],"predecessor-version":[{"id":16286,"href":"https:\/\/elcafedepipa.com\/index.php\/wp-json\/wp\/v2\/posts\/16284\/revisions\/16286"}],"wp:featuredmedia":[{"embeddable":true,"href":"https:\/\/elcafedepipa.com\/index.php\/wp-json\/wp\/v2\/media\/16285"}],"wp:attachment":[{"href":"https:\/\/elcafedepipa.com\/index.php\/wp-json\/wp\/v2\/media?parent=16284"}],"wp:term":[{"taxonomy":"category","embeddable":true,"href":"https:\/\/elcafedepipa.com\/index.php\/wp-json\/wp\/v2\/categories?post=16284"},{"taxonomy":"post_tag","embeddable":true,"href":"https:\/\/elcafedepipa.com\/index.php\/wp-json\/wp\/v2\/tags?post=16284"}],"curies":[{"name":"wp","href":"https:\/\/api.w.org\/{rel}","templated":true}]}}