{"id":16265,"date":"2025-08-08T14:07:26","date_gmt":"2025-08-08T12:07:26","guid":{"rendered":"https:\/\/elcafedepipa.com\/?p=16265"},"modified":"2025-08-08T14:07:27","modified_gmt":"2025-08-08T12:07:27","slug":"artana-forma-a-42-xiquets-en-el-bon-us-de-les-tecnologies","status":"publish","type":"post","link":"https:\/\/elcafedepipa.com\/index.php\/2025\/08\/08\/artana-forma-a-42-xiquets-en-el-bon-us-de-les-tecnologies\/","title":{"rendered":"Artana forma a 42 xiquets en el bon \u00fas de les tecnologies"},"content":{"rendered":"\n<p>L&#8217;Ajuntament d&#8217;Artana ha concedit hui els t\u00edtols de compet\u00e8ncia digital als 42 xiquets i j\u00f3vens que durant este estiu han participat en el seu campament. Una activitat organitzada per la Fundaci\u00f3n Cibervoluntarios i finan\u00e7ada pels fons Next Generation de la Uni\u00f3 Europea \u201cque ha sigut tot un \u00e8xit\u201d.<\/p>\n\n\n\n<p>Aix\u00ed ho ha manifestat la regidora d&#8217;Urbanisme de l&#8217;Ajuntament d&#8217;Artana, Teresa Ib\u00e1\u00f1ez, qui hui ha exercit d&#8217;amfitriona en el lliurament de diplomes que ha comptat amb la pres\u00e8ncia de la subdelegada del Govern, Antonia Garc\u00eda Valls, en representaci\u00f3 del Ministeri de Joventut i Inf\u00e0ncia, a trav\u00e9s del que s&#8217;ha canalitzat el programa. \u201cHui tenim a Artana a 42 xiquets i j\u00f3vens titulats amb el certificat oficial DigComp, que acredita les seues compet\u00e8ncies digitals segons el marc europeu. Els seus coneixements segur que s\u00f3n aprofitats i compartits\u201d, ha manifestat la regidora de l&#8217;Ajuntament d&#8217;Artana.<\/p>\n\n\n\n<p>En la seua al\u00b7locuci\u00f3, Ib\u00e1\u00f1ez ha confessat que \u201cesta ha sigut una experi\u00e8ncia molt positiva que desitgem repetir com m\u00e9s prompte millor\u201d, ha considerat la regidora. \u201cHui tenim a 42 xicotets formats en la millor compet\u00e8ncia digital, perqu\u00e8 saben el bon \u00fas d&#8217;estes ferramentes que mediatitzen les nostres vides\u201d.<\/p>\n\n\n\n<p>Dels 9 als 14 anys, l&#8217;Ajuntament d&#8217;Artana ha organitzat dos grups per edats. El primer, amb 29 alumnes, ha anat dirigit a xicotets d&#8217;edats compreses entre els 9 i els 11 anys. El segon, amb 13 j\u00f3vens de 12 a 14 anys, ha completat el campament. \u201cEls resultats s\u00f3n molt positius. Hem aconseguit que cada un d&#8217;ells s\u00e0pia els entorns segurs, aprofite la capacitat d&#8217;estes ferramentes i conega l\u00edmits. L&#8217;objectiu \u00e9s construir una societat innovadora, cr\u00edtica i alhora segura. Crec que ha sigut una excel\u00b7lent experi\u00e8ncia\u201d, ha declarat Ib\u00e1\u00f1ez.<\/p>\n\n\n\n<p><\/p>\n","protected":false},"excerpt":{"rendered":"<p>L&#8217;Ajuntament d&#8217;Artana ha concedit hui els t\u00edtols de compet\u00e8ncia digital als 42 xiquets i j\u00f3vens que durant este estiu han participat en el seu campament. Una activitat organitzada per la Fundaci\u00f3n Cibervoluntarios i finan\u00e7ada pels fons Next Generation de la Uni\u00f3 Europea \u201cque ha sigut tot un \u00e8xit\u201d. Aix\u00ed ho ha manifestat la regidora d&#8217;Urbanisme &#8230; <a title=\"Artana forma a 42 xiquets en el bon \u00fas de les tecnologies\" class=\"read-more\" href=\"https:\/\/elcafedepipa.com\/index.php\/2025\/08\/08\/artana-forma-a-42-xiquets-en-el-bon-us-de-les-tecnologies\/\" aria-label=\"M\u00e9s informaci\u00f3 sobre Artana forma a 42 xiquets en el bon \u00fas de les tecnologies\">Read more<\/a><\/p>\n","protected":false},"author":2,"featured_media":16266,"comment_status":"closed","ping_status":"closed","sticky":false,"template":"","format":"standard","meta":{"om_disable_all_campaigns":false,"_monsterinsights_skip_tracking":false,"_monsterinsights_sitenote_active":false,"_monsterinsights_sitenote_note":"","_monsterinsights_sitenote_category":0,"_uf_show_specific_survey":0,"_uf_disable_surveys":false,"footnotes":""},"categories":[1],"tags":[],"class_list":["post-16265","post","type-post","status-publish","format-standard","has-post-thumbnail","hentry","category-non-classe"],"_links":{"self":[{"href":"https:\/\/elcafedepipa.com\/index.php\/wp-json\/wp\/v2\/posts\/16265","targetHints":{"allow":["GET"]}}],"collection":[{"href":"https:\/\/elcafedepipa.com\/index.php\/wp-json\/wp\/v2\/posts"}],"about":[{"href":"https:\/\/elcafedepipa.com\/index.php\/wp-json\/wp\/v2\/types\/post"}],"author":[{"embeddable":true,"href":"https:\/\/elcafedepipa.com\/index.php\/wp-json\/wp\/v2\/users\/2"}],"replies":[{"embeddable":true,"href":"https:\/\/elcafedepipa.com\/index.php\/wp-json\/wp\/v2\/comments?post=16265"}],"version-history":[{"count":1,"href":"https:\/\/elcafedepipa.com\/index.php\/wp-json\/wp\/v2\/posts\/16265\/revisions"}],"predecessor-version":[{"id":16267,"href":"https:\/\/elcafedepipa.com\/index.php\/wp-json\/wp\/v2\/posts\/16265\/revisions\/16267"}],"wp:featuredmedia":[{"embeddable":true,"href":"https:\/\/elcafedepipa.com\/index.php\/wp-json\/wp\/v2\/media\/16266"}],"wp:attachment":[{"href":"https:\/\/elcafedepipa.com\/index.php\/wp-json\/wp\/v2\/media?parent=16265"}],"wp:term":[{"taxonomy":"category","embeddable":true,"href":"https:\/\/elcafedepipa.com\/index.php\/wp-json\/wp\/v2\/categories?post=16265"},{"taxonomy":"post_tag","embeddable":true,"href":"https:\/\/elcafedepipa.com\/index.php\/wp-json\/wp\/v2\/tags?post=16265"}],"curies":[{"name":"wp","href":"https:\/\/api.w.org\/{rel}","templated":true}]}}