{"id":16233,"date":"2025-08-07T14:07:35","date_gmt":"2025-08-07T12:07:35","guid":{"rendered":"https:\/\/elcafedepipa.com\/?p=16233"},"modified":"2025-08-07T14:07:36","modified_gmt":"2025-08-07T12:07:36","slug":"el-pp-mostra-la-seua-preocupacio-pels-retards-de-correus-i-confia-que-les-retallades-no-afecten-a-nules","status":"publish","type":"post","link":"https:\/\/elcafedepipa.com\/index.php\/2025\/08\/07\/el-pp-mostra-la-seua-preocupacio-pels-retards-de-correus-i-confia-que-les-retallades-no-afecten-a-nules\/","title":{"rendered":"El PP mostra la seua preocupaci\u00f3 pels retards de Correus i confia \u201cque les retallades no afecten a Nules\u201d"},"content":{"rendered":"\n<p>L&#8217;oficina de Correus de Nules acumula muntanyes de correspond\u00e8ncia que durant el mes de juliol no s&#8217;han pogut remetre als seus titulars per falta de personal. \u201cLes retallades que el Govern d&#8217;Espanya imposa a esta empresa p\u00fablica ens fan mal\u201d.<\/p>\n\n\n\n<p>Aix\u00ed ho ha considerat el portaveu del PP en la localitat, Jos\u00e9 Adsuara, qui s&#8217;ha fet ress\u00f2 de les demores en el lliurament de correspond\u00e8ncia que ja afecten altres municipis dependents de la central de Nules, com \u00e9s el cas de La Vilavella, i que, en alguns casos, ha provocat que els destinataris no pogueren presentar al\u00b7legacions perqu\u00e8 el termini que se&#8217;ls havia notificat ja havia expirat.<\/p>\n\n\n\n<p>\u201c\u00c9s evident que hi ha un problema. I no sols en esta comarca, tamb\u00e9 Almassora, a la Plana Alta els est\u00e0 patint. Un problema generat per les retallades de l&#8217;esquerra en este servici p\u00fablic. I el que demanem \u00e9s que es resolga, perqu\u00e8 els ve\u00efns, com sempre, acaben sent els grans damnificats d&#8217;esta nefasta gesti\u00f3\u201d.<\/p>\n\n\n\n<p>Cartes que no arriben, rebuts que no es notifiquen o paquets que no es poden emportar al domicili del destinatari s\u00f3n casos habituals. \u201cA Nules hi ha ve\u00efns que ja han notat retards en algun lliurament o que s&#8217;han hagut de despla\u00e7ar a l&#8217;oficina perqu\u00e8 al personal, que va desbordat, no li ha donat temps d&#8217;entregar a domicili. Estem preocupats perqu\u00e8 hi ha altres localitats que ja s&#8217;han vist greument afectades. Esperem que no vaja a m\u00e9s\u201d.<\/p>\n\n\n\n<p>En este sentit, el PP convida a l&#8217;alcalde a \u201cgarantir amb Correus el servici \u00f2ptim que mereix la poblaci\u00f3, \u201cperqu\u00e8 aix\u00f2 s\u00ed importa a la gent\u201d. \u201cSi t\u00e9 temps per a arreplegar firmes i fer pol\u00edtica a la platja, tamb\u00e9 ha de tindre temps per a exercir d&#8217;alcalde i anticipar-se al problema. Perqu\u00e8 el primer \u00e9s Nules\u201d, ha declarat Adsuara.<\/p>\n","protected":false},"excerpt":{"rendered":"<p>L&#8217;oficina de Correus de Nules acumula muntanyes de correspond\u00e8ncia que durant el mes de juliol no s&#8217;han pogut remetre als seus titulars per falta de personal. \u201cLes retallades que el Govern d&#8217;Espanya imposa a esta empresa p\u00fablica ens fan mal\u201d. Aix\u00ed ho ha considerat el portaveu del PP en la localitat, Jos\u00e9 Adsuara, qui s&#8217;ha &#8230; <a title=\"El PP mostra la seua preocupaci\u00f3 pels retards de Correus i confia \u201cque les retallades no afecten a Nules\u201d\" class=\"read-more\" href=\"https:\/\/elcafedepipa.com\/index.php\/2025\/08\/07\/el-pp-mostra-la-seua-preocupacio-pels-retards-de-correus-i-confia-que-les-retallades-no-afecten-a-nules\/\" aria-label=\"M\u00e9s informaci\u00f3 sobre El PP mostra la seua preocupaci\u00f3 pels retards de Correus i confia \u201cque les retallades no afecten a Nules\u201d\">Read more<\/a><\/p>\n","protected":false},"author":2,"featured_media":16234,"comment_status":"closed","ping_status":"closed","sticky":false,"template":"","format":"standard","meta":{"om_disable_all_campaigns":false,"_monsterinsights_skip_tracking":false,"_monsterinsights_sitenote_active":false,"_monsterinsights_sitenote_note":"","_monsterinsights_sitenote_category":0,"_uf_show_specific_survey":0,"_uf_disable_surveys":false,"footnotes":""},"categories":[3],"tags":[],"class_list":["post-16233","post","type-post","status-publish","format-standard","has-post-thumbnail","hentry","category-nules"],"_links":{"self":[{"href":"https:\/\/elcafedepipa.com\/index.php\/wp-json\/wp\/v2\/posts\/16233","targetHints":{"allow":["GET"]}}],"collection":[{"href":"https:\/\/elcafedepipa.com\/index.php\/wp-json\/wp\/v2\/posts"}],"about":[{"href":"https:\/\/elcafedepipa.com\/index.php\/wp-json\/wp\/v2\/types\/post"}],"author":[{"embeddable":true,"href":"https:\/\/elcafedepipa.com\/index.php\/wp-json\/wp\/v2\/users\/2"}],"replies":[{"embeddable":true,"href":"https:\/\/elcafedepipa.com\/index.php\/wp-json\/wp\/v2\/comments?post=16233"}],"version-history":[{"count":1,"href":"https:\/\/elcafedepipa.com\/index.php\/wp-json\/wp\/v2\/posts\/16233\/revisions"}],"predecessor-version":[{"id":16235,"href":"https:\/\/elcafedepipa.com\/index.php\/wp-json\/wp\/v2\/posts\/16233\/revisions\/16235"}],"wp:featuredmedia":[{"embeddable":true,"href":"https:\/\/elcafedepipa.com\/index.php\/wp-json\/wp\/v2\/media\/16234"}],"wp:attachment":[{"href":"https:\/\/elcafedepipa.com\/index.php\/wp-json\/wp\/v2\/media?parent=16233"}],"wp:term":[{"taxonomy":"category","embeddable":true,"href":"https:\/\/elcafedepipa.com\/index.php\/wp-json\/wp\/v2\/categories?post=16233"},{"taxonomy":"post_tag","embeddable":true,"href":"https:\/\/elcafedepipa.com\/index.php\/wp-json\/wp\/v2\/tags?post=16233"}],"curies":[{"name":"wp","href":"https:\/\/api.w.org\/{rel}","templated":true}]}}