{"id":16224,"date":"2025-08-07T13:58:49","date_gmt":"2025-08-07T11:58:49","guid":{"rendered":"https:\/\/elcafedepipa.com\/?p=16224"},"modified":"2025-08-07T13:58:49","modified_gmt":"2025-08-07T11:58:49","slug":"reconeixement-a-la-nulera-teresa-valls-en-el-dia-del-seu-100e-aniversari","status":"publish","type":"post","link":"https:\/\/elcafedepipa.com\/index.php\/2025\/08\/07\/reconeixement-a-la-nulera-teresa-valls-en-el-dia-del-seu-100e-aniversari\/","title":{"rendered":"Reconeixement a la nulera Teresa Valls en el dia del seu 100\u00e9 aniversari"},"content":{"rendered":"\n<p><strong>La Corporaci\u00f3 Municipal felicita a aquesta ve\u00efna centen\u00e0ria<\/strong><\/p>\n\n\n\n<p>L\u2019Ajuntament de Nules ha fet un reconeixement molt especial a Teresa Valls Campos per a commemorar el dia del seu centenari. Aix\u00ed, en aquest moment tan emotiu, l\u2019Alcalde, David Garc\u00eda, la regidora de Gent Major, Gemma Carratal\u00e1, i diferents membres de la Corporaci\u00f3 Municipal han visitat a aquesta ve\u00efna centen\u00e0ria per a celebrar aquesta data tan significativa.<\/p>\n\n\n\n<p>L\u2019alcalde i la resta de regidors i de regidores presents han expressat la seua felicitaci\u00f3 i han destacat la import\u00e0ncia de Teresa Valls com a exemple de perseveran\u00e7a, saviesa i amor pel poble de Nules. \u201c\u00c9s un honor poder compartir aquest dia amb ella i recon\u00e9ixer la seua valuosa aportaci\u00f3 al nostre poble. La seua hist\u00f2ria ens inspira a seguir valorant cada moment de la vida,\u201d ha afirmat la regidora de Gent Major, Gemma Carratal\u00e1.<\/p>\n\n\n\n<p>Els familiars han participat en aquesta celebraci\u00f3, que ha estat marcada per moments d\u2019emoci\u00f3 i gratitud. Teresa Valls amb el seu esperit positiu i la seua vitalitat, ha rebut amb alegria les felicitacions i els detalls commemoratius que li han lliurat.<\/p>\n\n\n\n<p>Des de l\u2019Ajuntament de Nules li han desitjat molts m\u00e9s anys de salut, felicitat i moments especials, \u201cla seua vida i exemple s\u00f3n un tresor per a tots nosaltres. La seua pres\u00e8ncia i viv\u00e8ncies enriqueixen el nostre entorn i ens motiven a seguir apreciant&nbsp; el dia a dia\u201d, ha manifestat l\u2019alcalde, David Garc\u00eda.<\/p>\n","protected":false},"excerpt":{"rendered":"<p>La Corporaci\u00f3 Municipal felicita a aquesta ve\u00efna centen\u00e0ria L\u2019Ajuntament de Nules ha fet un reconeixement molt especial a Teresa Valls Campos per a commemorar el dia del seu centenari. Aix\u00ed, en aquest moment tan emotiu, l\u2019Alcalde, David Garc\u00eda, la regidora de Gent Major, Gemma Carratal\u00e1, i diferents membres de la Corporaci\u00f3 Municipal han visitat a &#8230; <a title=\"Reconeixement a la nulera Teresa Valls en el dia del seu 100\u00e9 aniversari\" class=\"read-more\" href=\"https:\/\/elcafedepipa.com\/index.php\/2025\/08\/07\/reconeixement-a-la-nulera-teresa-valls-en-el-dia-del-seu-100e-aniversari\/\" aria-label=\"M\u00e9s informaci\u00f3 sobre Reconeixement a la nulera Teresa Valls en el dia del seu 100\u00e9 aniversari\">Read more<\/a><\/p>\n","protected":false},"author":2,"featured_media":16225,"comment_status":"closed","ping_status":"closed","sticky":false,"template":"","format":"standard","meta":{"om_disable_all_campaigns":false,"_monsterinsights_skip_tracking":false,"_monsterinsights_sitenote_active":false,"_monsterinsights_sitenote_note":"","_monsterinsights_sitenote_category":0,"_uf_show_specific_survey":0,"_uf_disable_surveys":false,"footnotes":""},"categories":[1],"tags":[],"class_list":["post-16224","post","type-post","status-publish","format-standard","has-post-thumbnail","hentry","category-non-classe"],"_links":{"self":[{"href":"https:\/\/elcafedepipa.com\/index.php\/wp-json\/wp\/v2\/posts\/16224","targetHints":{"allow":["GET"]}}],"collection":[{"href":"https:\/\/elcafedepipa.com\/index.php\/wp-json\/wp\/v2\/posts"}],"about":[{"href":"https:\/\/elcafedepipa.com\/index.php\/wp-json\/wp\/v2\/types\/post"}],"author":[{"embeddable":true,"href":"https:\/\/elcafedepipa.com\/index.php\/wp-json\/wp\/v2\/users\/2"}],"replies":[{"embeddable":true,"href":"https:\/\/elcafedepipa.com\/index.php\/wp-json\/wp\/v2\/comments?post=16224"}],"version-history":[{"count":1,"href":"https:\/\/elcafedepipa.com\/index.php\/wp-json\/wp\/v2\/posts\/16224\/revisions"}],"predecessor-version":[{"id":16226,"href":"https:\/\/elcafedepipa.com\/index.php\/wp-json\/wp\/v2\/posts\/16224\/revisions\/16226"}],"wp:featuredmedia":[{"embeddable":true,"href":"https:\/\/elcafedepipa.com\/index.php\/wp-json\/wp\/v2\/media\/16225"}],"wp:attachment":[{"href":"https:\/\/elcafedepipa.com\/index.php\/wp-json\/wp\/v2\/media?parent=16224"}],"wp:term":[{"taxonomy":"category","embeddable":true,"href":"https:\/\/elcafedepipa.com\/index.php\/wp-json\/wp\/v2\/categories?post=16224"},{"taxonomy":"post_tag","embeddable":true,"href":"https:\/\/elcafedepipa.com\/index.php\/wp-json\/wp\/v2\/tags?post=16224"}],"curies":[{"name":"wp","href":"https:\/\/api.w.org\/{rel}","templated":true}]}}