{"id":16173,"date":"2025-08-04T16:46:04","date_gmt":"2025-08-04T14:46:04","guid":{"rendered":"https:\/\/elcafedepipa.com\/?p=16173"},"modified":"2025-08-04T16:46:05","modified_gmt":"2025-08-04T14:46:05","slug":"la-ministra-diana-morant-visita-les-obres-de-reforma-i-dampliacio-de-lajuntament-de-la-vall-duixo","status":"publish","type":"post","link":"https:\/\/elcafedepipa.com\/index.php\/2025\/08\/04\/la-ministra-diana-morant-visita-les-obres-de-reforma-i-dampliacio-de-lajuntament-de-la-vall-duixo\/","title":{"rendered":"La ministra Diana Morant visita les obres de reforma i d&#8217;ampliaci\u00f3 de l&#8217;Ajuntament de la Vall d&#8217;Uix\u00f3."},"content":{"rendered":"\n<p><strong>El projecte es basa en els eixos de la sostenibilitat, l&#8217;accessibilitat i la digitalitzaci\u00f3 i estar\u00e0 acabat el 2026<\/strong><\/p>\n\n\n\n<p>La ministra de Ci\u00e8ncia, Innovaci\u00f3 i Universitats, <strong>Diana Morant<\/strong>, ha visitat aquest mat\u00ed les obres de reforma i ampliaci\u00f3 de l&#8217;edifici de l&#8217;Ajuntament de la Vall d&#8217;Uix\u00f3, projecte finan\u00e7at per la Uni\u00f3 Europea amb fons europeus Next Generation que forma part del Pla de Recuperaci\u00f3, Transformaci\u00f3 i Resili\u00e8ncia del Govern d&#8217;Espanya.<\/p>\n\n\n\n<p>Durant la visita, l&#8217;alcaldessa, <strong>Tania Ba\u00f1os<\/strong>, ha destacat que \u201cla Vall d&#8217;Uix\u00f3 \u00e9s una ciutat compromesa i alineada amb els objectius de desenvolupament sostenible i l&#8217;agenda 2030, que estan transformant la ciutat\u201d. En aquest sentit, ha subratllat que \u201cgr\u00e0cies als fons europeus estem fent en una legislatura all\u00f2 que abans ens hagu\u00e9s portat 20 o 30 anys\u201d.<\/p>\n\n\n\n<p>La intervenci\u00f3 a l&#8217;edifici consistorial s&#8217;articula al voltant de tres eixos: sostenibilitat, accessibilitat i digitalitzaci\u00f3. Segons ha explicat l&#8217;alcaldessa, es tracta d&#8217;\u201cunes obres molt necess\u00e0ries en un edifici centenari, que tenia una part apuntalada i patia vibracions a les plantes superiors\u201d. Aix\u00ed, a m\u00e9s de ser \u201cuna q\u00fcesti\u00f3 de seguretat\u201d tamb\u00e9 suposa \u201ccuidar el nostre patrimoni\u201d.<\/p>\n\n\n\n<p>L&#8217;Ajuntament va fer un esfor\u00e7 estrat\u00e8gic adquirint l&#8217;edifici annex \u2013antiga seu de la Schola Cantorum\u2013 per ampliar les instal\u00b7lacions i prestar una millor atenci\u00f3 ciutadana. Amb aquesta reforma tamb\u00e9 es guanyar\u00e0 en efici\u00e8ncia, ja que els serveis d&#8217;Urbanisme i Medi Ambient es traslladaran al nou espai.<\/p>\n\n\n\n<p>La inversi\u00f3 total \u00e9s de <strong>3.937.388,40 euros<\/strong>, dels quals el Ministeri de Transports, Mobilitat i Agenda Urbana aporta <strong>2.854.911,66 euros<\/strong> i l&#8217;Ajuntament assumeix <strong>1.082.476,74 <\/strong>euros restants. Les obres avancen a bon ritme i est\u00e0 previst que finalitzen l&#8217;any que ve, el 2026.<\/p>\n\n\n\n<p>Actualment, la Vall d\u2019Uix\u00f3 executa projectes per valor de <strong>18 milions d\u2019euros<\/strong> finan\u00e7ats per la Uni\u00f3 Europa amb fons Next Generation. Entre aquests destaquen aquesta reforma i ampliaci\u00f3 de l&#8217;Ajuntament, l&#8217;excavaci\u00f3 del poblat de Sant Josep, la transformaci\u00f3 de la F\u00e0brica de la Llum en museu i la regeneraci\u00f3 urbana de la Col\u00f2nia Sant Antoni. Tamb\u00e9 s&#8217;han completat ja la creaci\u00f3 d&#8217;una zona de baixes emissions al Cam\u00ed de l&#8217;Aigua i la posada en marxa del Centre de Transformaci\u00f3 Digital a la primera planta del mercat municipal.<\/p>\n\n\n\n<figure class=\"wp-block-image size-large\"><img fetchpriority=\"high\" decoding=\"async\" width=\"1024\" height=\"768\" src=\"https:\/\/elcafedepipa.com\/wp-content\/uploads\/2025\/08\/visita-02-1024x768.jpg\" alt=\"\" class=\"wp-image-16175\" srcset=\"https:\/\/elcafedepipa.com\/wp-content\/uploads\/2025\/08\/visita-02-1024x768.jpg 1024w, https:\/\/elcafedepipa.com\/wp-content\/uploads\/2025\/08\/visita-02-300x225.jpg 300w, https:\/\/elcafedepipa.com\/wp-content\/uploads\/2025\/08\/visita-02-768x576.jpg 768w, https:\/\/elcafedepipa.com\/wp-content\/uploads\/2025\/08\/visita-02-1536x1152.jpg 1536w, https:\/\/elcafedepipa.com\/wp-content\/uploads\/2025\/08\/visita-02.jpg 1600w\" sizes=\"(max-width: 1024px) 100vw, 1024px\" \/><\/figure>\n\n\n\n<figure class=\"wp-block-image size-large\"><img decoding=\"async\" width=\"1024\" height=\"682\" src=\"https:\/\/elcafedepipa.com\/wp-content\/uploads\/2025\/08\/visita-03-1024x682.jpeg\" alt=\"\" class=\"wp-image-16176\" srcset=\"https:\/\/elcafedepipa.com\/wp-content\/uploads\/2025\/08\/visita-03-1024x682.jpeg 1024w, https:\/\/elcafedepipa.com\/wp-content\/uploads\/2025\/08\/visita-03-300x200.jpeg 300w, https:\/\/elcafedepipa.com\/wp-content\/uploads\/2025\/08\/visita-03-768x512.jpeg 768w, https:\/\/elcafedepipa.com\/wp-content\/uploads\/2025\/08\/visita-03-1536x1023.jpeg 1536w, https:\/\/elcafedepipa.com\/wp-content\/uploads\/2025\/08\/visita-03-2048x1364.jpeg 2048w\" sizes=\"(max-width: 1024px) 100vw, 1024px\" \/><\/figure>\n\n\n\n<figure class=\"wp-block-image size-large\"><img decoding=\"async\" width=\"768\" height=\"1024\" src=\"https:\/\/elcafedepipa.com\/wp-content\/uploads\/2025\/08\/visita-04-768x1024.jpg\" alt=\"\" class=\"wp-image-16177\" srcset=\"https:\/\/elcafedepipa.com\/wp-content\/uploads\/2025\/08\/visita-04-768x1024.jpg 768w, https:\/\/elcafedepipa.com\/wp-content\/uploads\/2025\/08\/visita-04-225x300.jpg 225w, https:\/\/elcafedepipa.com\/wp-content\/uploads\/2025\/08\/visita-04-1152x1536.jpg 1152w, https:\/\/elcafedepipa.com\/wp-content\/uploads\/2025\/08\/visita-04.jpg 1200w\" sizes=\"(max-width: 768px) 100vw, 768px\" \/><\/figure>\n\n\n\n<figure class=\"wp-block-image size-large\"><img loading=\"lazy\" decoding=\"async\" width=\"768\" height=\"1024\" src=\"https:\/\/elcafedepipa.com\/wp-content\/uploads\/2025\/08\/visita-05-768x1024.jpg\" alt=\"\" class=\"wp-image-16178\" srcset=\"https:\/\/elcafedepipa.com\/wp-content\/uploads\/2025\/08\/visita-05-768x1024.jpg 768w, https:\/\/elcafedepipa.com\/wp-content\/uploads\/2025\/08\/visita-05-225x300.jpg 225w, https:\/\/elcafedepipa.com\/wp-content\/uploads\/2025\/08\/visita-05-1152x1536.jpg 1152w, https:\/\/elcafedepipa.com\/wp-content\/uploads\/2025\/08\/visita-05.jpg 1200w\" sizes=\"(max-width: 768px) 100vw, 768px\" \/><\/figure>\n","protected":false},"excerpt":{"rendered":"<p>El projecte es basa en els eixos de la sostenibilitat, l&#8217;accessibilitat i la digitalitzaci\u00f3 i estar\u00e0 acabat el 2026 La ministra de Ci\u00e8ncia, Innovaci\u00f3 i Universitats, Diana Morant, ha visitat aquest mat\u00ed les obres de reforma i ampliaci\u00f3 de l&#8217;edifici de l&#8217;Ajuntament de la Vall d&#8217;Uix\u00f3, projecte finan\u00e7at per la Uni\u00f3 Europea amb fons europeus &#8230; <a title=\"La ministra Diana Morant visita les obres de reforma i d&#8217;ampliaci\u00f3 de l&#8217;Ajuntament de la Vall d&#8217;Uix\u00f3.\" class=\"read-more\" href=\"https:\/\/elcafedepipa.com\/index.php\/2025\/08\/04\/la-ministra-diana-morant-visita-les-obres-de-reforma-i-dampliacio-de-lajuntament-de-la-vall-duixo\/\" aria-label=\"M\u00e9s informaci\u00f3 sobre La ministra Diana Morant visita les obres de reforma i d&#8217;ampliaci\u00f3 de l&#8217;Ajuntament de la Vall d&#8217;Uix\u00f3.\">Read more<\/a><\/p>\n","protected":false},"author":2,"featured_media":16174,"comment_status":"closed","ping_status":"closed","sticky":false,"template":"","format":"standard","meta":{"om_disable_all_campaigns":false,"_monsterinsights_skip_tracking":false,"_monsterinsights_sitenote_active":false,"_monsterinsights_sitenote_note":"","_monsterinsights_sitenote_category":0,"_uf_show_specific_survey":0,"_uf_disable_surveys":false,"footnotes":""},"categories":[1],"tags":[],"class_list":["post-16173","post","type-post","status-publish","format-standard","has-post-thumbnail","hentry","category-non-classe"],"_links":{"self":[{"href":"https:\/\/elcafedepipa.com\/index.php\/wp-json\/wp\/v2\/posts\/16173","targetHints":{"allow":["GET"]}}],"collection":[{"href":"https:\/\/elcafedepipa.com\/index.php\/wp-json\/wp\/v2\/posts"}],"about":[{"href":"https:\/\/elcafedepipa.com\/index.php\/wp-json\/wp\/v2\/types\/post"}],"author":[{"embeddable":true,"href":"https:\/\/elcafedepipa.com\/index.php\/wp-json\/wp\/v2\/users\/2"}],"replies":[{"embeddable":true,"href":"https:\/\/elcafedepipa.com\/index.php\/wp-json\/wp\/v2\/comments?post=16173"}],"version-history":[{"count":1,"href":"https:\/\/elcafedepipa.com\/index.php\/wp-json\/wp\/v2\/posts\/16173\/revisions"}],"predecessor-version":[{"id":16179,"href":"https:\/\/elcafedepipa.com\/index.php\/wp-json\/wp\/v2\/posts\/16173\/revisions\/16179"}],"wp:featuredmedia":[{"embeddable":true,"href":"https:\/\/elcafedepipa.com\/index.php\/wp-json\/wp\/v2\/media\/16174"}],"wp:attachment":[{"href":"https:\/\/elcafedepipa.com\/index.php\/wp-json\/wp\/v2\/media?parent=16173"}],"wp:term":[{"taxonomy":"category","embeddable":true,"href":"https:\/\/elcafedepipa.com\/index.php\/wp-json\/wp\/v2\/categories?post=16173"},{"taxonomy":"post_tag","embeddable":true,"href":"https:\/\/elcafedepipa.com\/index.php\/wp-json\/wp\/v2\/tags?post=16173"}],"curies":[{"name":"wp","href":"https:\/\/api.w.org\/{rel}","templated":true}]}}