{"id":16121,"date":"2025-07-31T15:44:12","date_gmt":"2025-07-31T13:44:12","guid":{"rendered":"https:\/\/elcafedepipa.com\/?p=16121"},"modified":"2025-07-31T15:44:13","modified_gmt":"2025-07-31T13:44:13","slug":"nules-realitzara-treballs-de-desinsectacio-i-desratitzacio","status":"publish","type":"post","link":"https:\/\/elcafedepipa.com\/index.php\/2025\/07\/31\/nules-realitzara-treballs-de-desinsectacio-i-desratitzacio\/","title":{"rendered":"Nules realitzar\u00e0 treballs de desinsectaci\u00f3 i desratitzaci\u00f3"},"content":{"rendered":"\n<p><strong>Intensifica els tractaments davant &nbsp;l\u2019 increment de les temperatures<\/strong><\/p>\n\n\n\n<p>Nules est\u00e0 treballant en diferents actuacions de desinsectaci\u00f3 i desratitzaci\u00f3 en els claveguerams tant de Nules, de Mascarell com de la zona mar\u00edtima. De fet, els treballs han comen\u00e7at aquesta setmana.<\/p>\n\n\n\n<p>De manera que, en aquests dies es van a intensificar i a refor\u00e7ar aquests tractaments degut a l\u2019actual situaci\u00f3 meteorol\u00f2gica i a l\u2019 increment &nbsp;de les temperatures, uns factors que poden comportar una proliferaci\u00f3 de poblacions d\u2019insectes.<\/p>\n\n\n\n<p>\u201cEs tracta d\u2019una campanya preventiva especial que es fa cada any per aquestes dates amb la qual l\u2019Ajuntament de Nules pret\u00e9n reduir al m\u00e0xim possible el nombre d\u2019insectes i rates\u201d, assenyala el regidor de Sanitat, Ram\u00f3n Mart\u00ednez.<\/p>\n\n\n\n<p>Amb aquesta actuaci\u00f3 es pret\u00e9n aconseguir una s\u00e8rie d\u2019objectius com ara reduir el m\u00e0xim possible la poblaci\u00f3 de paneroles i rates, aquest tractament assegura que el seu efecte tinga una persist\u00e8ncia de diversos mesos i crea, a m\u00e9s, una barrera duradora davant d\u2019infestacions noves.<\/p>\n\n\n\n<p>Aix\u00ed mateix, des de la regidoria de Sanitat es tranquil\u00b7litza la ciutadania al destacar que en els pr\u00f2xims dies mentre es fa efectiu el tractament, \u201cpot ser es registre un increment de paneroles o rates per\u00f2 \u00e9s una situaci\u00f3 que forma part del proc\u00e9s\u201d, per tant es fa una crida al ve\u00efnat perqu\u00e8 avisi als serveis municipals en el cas de detectar alguna anomalia significativa. &nbsp;<\/p>\n\n\n\n<p>Amb tot, s\u2019aconsella la poblaci\u00f3 el segellat d\u2019esquerdes, la instal\u00b7laci\u00f3 de rivets i mosquiteres per a evitar l\u2019entrada d\u2019insectes de l\u2019exterior; a m\u00e9s de tapar, en la mesura del possible, desguassos de dutxes, lavabos, bidets i tamb\u00e9 de rentadores.<\/p>\n\n\n\n<p>Aquesta campanya forma part del Servei de Desinfecci\u00f3, Desratitzaci\u00f3 i Desinsectaci\u00f3 que es presta des de la regidoria de Sanitat al llarg de l\u2019any.&nbsp;&nbsp;&nbsp;&nbsp;&nbsp;&nbsp;&nbsp;&nbsp;&nbsp;&nbsp;&nbsp;&nbsp;&nbsp;&nbsp;&nbsp;&nbsp;&nbsp;&nbsp;&nbsp;&nbsp;&nbsp;&nbsp;&nbsp;&nbsp;&nbsp;&nbsp;&nbsp;&nbsp;&nbsp;&nbsp;&nbsp;&nbsp;&nbsp;&nbsp;&nbsp;&nbsp;&nbsp;&nbsp;&nbsp;&nbsp;&nbsp;&nbsp;&nbsp;&nbsp;&nbsp;&nbsp;&nbsp;&nbsp;&nbsp;&nbsp;&nbsp;&nbsp;&nbsp;&nbsp;&nbsp;&nbsp;&nbsp;&nbsp;&nbsp;&nbsp;&nbsp;&nbsp;<\/p>\n","protected":false},"excerpt":{"rendered":"<p>Intensifica els tractaments davant &nbsp;l\u2019 increment de les temperatures Nules est\u00e0 treballant en diferents actuacions de desinsectaci\u00f3 i desratitzaci\u00f3 en els claveguerams tant de Nules, de Mascarell com de la zona mar\u00edtima. De fet, els treballs han comen\u00e7at aquesta setmana. De manera que, en aquests dies es van a intensificar i a refor\u00e7ar aquests tractaments &#8230; <a title=\"Nules realitzar\u00e0 treballs de desinsectaci\u00f3 i desratitzaci\u00f3\" class=\"read-more\" href=\"https:\/\/elcafedepipa.com\/index.php\/2025\/07\/31\/nules-realitzara-treballs-de-desinsectacio-i-desratitzacio\/\" aria-label=\"M\u00e9s informaci\u00f3 sobre Nules realitzar\u00e0 treballs de desinsectaci\u00f3 i desratitzaci\u00f3\">Read more<\/a><\/p>\n","protected":false},"author":2,"featured_media":16122,"comment_status":"closed","ping_status":"closed","sticky":false,"template":"","format":"standard","meta":{"om_disable_all_campaigns":false,"_monsterinsights_skip_tracking":false,"_monsterinsights_sitenote_active":false,"_monsterinsights_sitenote_note":"","_monsterinsights_sitenote_category":0,"_uf_show_specific_survey":0,"_uf_disable_surveys":false,"footnotes":""},"categories":[3],"tags":[],"class_list":["post-16121","post","type-post","status-publish","format-standard","has-post-thumbnail","hentry","category-nules"],"_links":{"self":[{"href":"https:\/\/elcafedepipa.com\/index.php\/wp-json\/wp\/v2\/posts\/16121","targetHints":{"allow":["GET"]}}],"collection":[{"href":"https:\/\/elcafedepipa.com\/index.php\/wp-json\/wp\/v2\/posts"}],"about":[{"href":"https:\/\/elcafedepipa.com\/index.php\/wp-json\/wp\/v2\/types\/post"}],"author":[{"embeddable":true,"href":"https:\/\/elcafedepipa.com\/index.php\/wp-json\/wp\/v2\/users\/2"}],"replies":[{"embeddable":true,"href":"https:\/\/elcafedepipa.com\/index.php\/wp-json\/wp\/v2\/comments?post=16121"}],"version-history":[{"count":1,"href":"https:\/\/elcafedepipa.com\/index.php\/wp-json\/wp\/v2\/posts\/16121\/revisions"}],"predecessor-version":[{"id":16123,"href":"https:\/\/elcafedepipa.com\/index.php\/wp-json\/wp\/v2\/posts\/16121\/revisions\/16123"}],"wp:featuredmedia":[{"embeddable":true,"href":"https:\/\/elcafedepipa.com\/index.php\/wp-json\/wp\/v2\/media\/16122"}],"wp:attachment":[{"href":"https:\/\/elcafedepipa.com\/index.php\/wp-json\/wp\/v2\/media?parent=16121"}],"wp:term":[{"taxonomy":"category","embeddable":true,"href":"https:\/\/elcafedepipa.com\/index.php\/wp-json\/wp\/v2\/categories?post=16121"},{"taxonomy":"post_tag","embeddable":true,"href":"https:\/\/elcafedepipa.com\/index.php\/wp-json\/wp\/v2\/tags?post=16121"}],"curies":[{"name":"wp","href":"https:\/\/api.w.org\/{rel}","templated":true}]}}