{"id":16098,"date":"2025-07-31T13:28:40","date_gmt":"2025-07-31T11:28:40","guid":{"rendered":"https:\/\/elcafedepipa.com\/?p=16098"},"modified":"2025-07-31T13:28:40","modified_gmt":"2025-07-31T11:28:40","slug":"la-fira-del-llibre-de-moncofa-celebra-una-dotzena-edicio-molt-especial-una-fira-infantil-al-costat-de-la-mar","status":"publish","type":"post","link":"https:\/\/elcafedepipa.com\/index.php\/2025\/07\/31\/la-fira-del-llibre-de-moncofa-celebra-una-dotzena-edicio-molt-especial-una-fira-infantil-al-costat-de-la-mar\/","title":{"rendered":"La Fira del Llibre de Moncofa celebra una dotzena edici\u00f3 molt especial: una Fira Infantil al costat de la mar"},"content":{"rendered":"\n<p>El pr\u00f2xim dia 1 d&#8217;agost s&#8217;inaugurar\u00e0 un any m\u00e9s, la <strong>XII Fira del Llibre de Moncofa<\/strong>, situada en el passeig mar\u00edtim de la localitat, amb horari de 18.00 h a 00.00 h. Una fira distinta, fresca, a la vora de la mar, que arranca quan la calor amaina i s&#8217;allarga durant la nit per a oferir un passeig ple de llibres i cultura. En esta edici\u00f3 es donaran cita m\u00e9s de 40 autors, tant valencians com nacionals, i un total de 19 llibreries i editorials.<\/p>\n\n\n\n<p>La inauguraci\u00f3 de la Fira est\u00e0 prevista per al divendres 1 d&#8217;agost. A les 20.00 h, tindr\u00e0 lloc el contacontes \u201cEl somni d&#8217;Ad\u00e1n\u201d. El dissabte 2 d&#8217;agost gaudirem de diferents contacontes, presentacions i espectacles a partir de les 19.30 h i el diumenge tancarem la fira amb el contacontes \u201cUn m\u00f3n en blanc i negre\u201d.<\/p>\n\n\n\n<p>La Fira del Llibre de Moncofa s&#8217;ha convertit en un referent entre les activitats culturals de la prov\u00edncia. Residents i visitants, lectores i lectors esperen este esdeveniment durant tot l&#8217;any per a adquirir les \u00faltimes novetats editorials i trobar-se amb els seus escriptors i escriptores preferits.<\/p>\n\n\n\n<p><\/p>\n","protected":false},"excerpt":{"rendered":"<p>El pr\u00f2xim dia 1 d&#8217;agost s&#8217;inaugurar\u00e0 un any m\u00e9s, la XII Fira del Llibre de Moncofa, situada en el passeig mar\u00edtim de la localitat, amb horari de 18.00 h a 00.00 h. Una fira distinta, fresca, a la vora de la mar, que arranca quan la calor amaina i s&#8217;allarga durant la nit per a &#8230; <a title=\"La Fira del Llibre de Moncofa celebra una dotzena edici\u00f3 molt especial: una Fira Infantil al costat de la mar\" class=\"read-more\" href=\"https:\/\/elcafedepipa.com\/index.php\/2025\/07\/31\/la-fira-del-llibre-de-moncofa-celebra-una-dotzena-edicio-molt-especial-una-fira-infantil-al-costat-de-la-mar\/\" aria-label=\"M\u00e9s informaci\u00f3 sobre La Fira del Llibre de Moncofa celebra una dotzena edici\u00f3 molt especial: una Fira Infantil al costat de la mar\">Read more<\/a><\/p>\n","protected":false},"author":2,"featured_media":16099,"comment_status":"closed","ping_status":"closed","sticky":false,"template":"","format":"standard","meta":{"om_disable_all_campaigns":false,"_monsterinsights_skip_tracking":false,"_monsterinsights_sitenote_active":false,"_monsterinsights_sitenote_note":"","_monsterinsights_sitenote_category":0,"_uf_show_specific_survey":0,"_uf_disable_surveys":false,"footnotes":""},"categories":[4],"tags":[],"class_list":["post-16098","post","type-post","status-publish","format-standard","has-post-thumbnail","hentry","category-moncofa"],"_links":{"self":[{"href":"https:\/\/elcafedepipa.com\/index.php\/wp-json\/wp\/v2\/posts\/16098","targetHints":{"allow":["GET"]}}],"collection":[{"href":"https:\/\/elcafedepipa.com\/index.php\/wp-json\/wp\/v2\/posts"}],"about":[{"href":"https:\/\/elcafedepipa.com\/index.php\/wp-json\/wp\/v2\/types\/post"}],"author":[{"embeddable":true,"href":"https:\/\/elcafedepipa.com\/index.php\/wp-json\/wp\/v2\/users\/2"}],"replies":[{"embeddable":true,"href":"https:\/\/elcafedepipa.com\/index.php\/wp-json\/wp\/v2\/comments?post=16098"}],"version-history":[{"count":1,"href":"https:\/\/elcafedepipa.com\/index.php\/wp-json\/wp\/v2\/posts\/16098\/revisions"}],"predecessor-version":[{"id":16100,"href":"https:\/\/elcafedepipa.com\/index.php\/wp-json\/wp\/v2\/posts\/16098\/revisions\/16100"}],"wp:featuredmedia":[{"embeddable":true,"href":"https:\/\/elcafedepipa.com\/index.php\/wp-json\/wp\/v2\/media\/16099"}],"wp:attachment":[{"href":"https:\/\/elcafedepipa.com\/index.php\/wp-json\/wp\/v2\/media?parent=16098"}],"wp:term":[{"taxonomy":"category","embeddable":true,"href":"https:\/\/elcafedepipa.com\/index.php\/wp-json\/wp\/v2\/categories?post=16098"},{"taxonomy":"post_tag","embeddable":true,"href":"https:\/\/elcafedepipa.com\/index.php\/wp-json\/wp\/v2\/tags?post=16098"}],"curies":[{"name":"wp","href":"https:\/\/api.w.org\/{rel}","templated":true}]}}