{"id":16093,"date":"2025-07-31T13:26:00","date_gmt":"2025-07-31T11:26:00","guid":{"rendered":"https:\/\/elcafedepipa.com\/?p=16093"},"modified":"2025-07-31T13:26:24","modified_gmt":"2025-07-31T11:26:24","slug":"salvador-fuster-vercher-protagonitza-agost-en-la-sala-maria-sorolla-de-moncofa","status":"publish","type":"post","link":"https:\/\/elcafedepipa.com\/index.php\/2025\/07\/31\/salvador-fuster-vercher-protagonitza-agost-en-la-sala-maria-sorolla-de-moncofa\/","title":{"rendered":"Salvador Fuster Vercher protagonitza agost en la sala Maria Sorolla de Moncofa"},"content":{"rendered":"\n<p>L&#8217;artista Salvador Fuster Vercher presenta el seu treball m\u00e9s recent a la sala d&#8217;exposicions Maria Sorolla, situada a la platja de Moncofa, on estar\u00e0 obert al p\u00fablic de l&#8217;1 al 31 d&#8217;agost. La inauguraci\u00f3 oficial tindr\u00e0 lloc el divendres dia 1 a les 19.30 hores.<\/p>\n\n\n\n<p>Fuster Vercher, amb una s\u00f2lida traject\u00f2ria en l&#8217;\u00e0mbit de la pintura contempor\u00e0nia, proposa en esta mostra una selecci\u00f3 d&#8217;obres que destaquen per l&#8217;expressivitat del tra\u00e7 i el protagonisme de la llum. Amb entrada lliure, l&#8217;exposici\u00f3 podr\u00e0 visitar-se de dimarts a diumenge, en horari de 19.00 a 21.00 hores.<\/p>\n\n\n\n<p>La mostra pren el relleu de l&#8217;exitosa exposici\u00f3 col\u00b7lectiva \u201cUn recorregut per la gran pintura valenciana\u201d, que des de finals de juny fins al 27 de juliol ha reunit obres de figures clau de l&#8217;art valenci\u00e0 dels segles XX i XXI, com Daniel Sabater, Francisco Rodr\u00edguez S\u00e1nchez Clement, Genaro Lahuerta, Joaqu\u00edn Michavila, Juan Ripoll\u00e9s, Juan Ribera Berenguer, Eustaquio Segrelles, Manolo Vald\u00e9s i Equip Cr\u00f2nica. Comissariada per l&#8217;artista local Gabriela Alemany, esta exposici\u00f3 ha suposat una de les propostes m\u00e9s ambicioses del calendari estival, amb una important resposta del p\u00fablic.<\/p>\n\n\n\n<p>La sala Maria Sorolla, situada en la planta superior de l&#8217;edifici de l&#8217;Oficina de Turisme, en la pla\u00e7a Ruiz Picasso del Grau de Moncofa, s&#8217;ha consolidat en els \u00faltims anys com un referent per a la creaci\u00f3 art\u00edstica a la comarca de la Plana Baixa. Inaugurada en 2015, l&#8217;espai va n\u00e0ixer amb la voluntat d&#8217;acostar l&#8217;art contemporani a ve\u00efns, estiuejants i visitants, combinant el suport als creadors locals amb la projecci\u00f3 de figures consagrades del panorama art\u00edstic valenci\u00e0 i estatal.<\/p>\n\n\n\n<p>Des de llavors, la programaci\u00f3 expositiva de la sala ha abastat propostes de pintura, escultura, fotografia i art gr\u00e0fic, convertint-se en una plataforma estable per a la difusi\u00f3 cultural i la dinamitzaci\u00f3 del litoral moncof\u00ed durant la temporada estival.<\/p>\n\n\n\n<figure class=\"wp-block-image size-large\"><img fetchpriority=\"high\" decoding=\"async\" width=\"1024\" height=\"732\" src=\"https:\/\/elcafedepipa.com\/wp-content\/uploads\/2025\/07\/quadre-Vercher-1024x732.jpg\" alt=\"\" class=\"wp-image-16096\" srcset=\"https:\/\/elcafedepipa.com\/wp-content\/uploads\/2025\/07\/quadre-Vercher-1024x732.jpg 1024w, https:\/\/elcafedepipa.com\/wp-content\/uploads\/2025\/07\/quadre-Vercher-300x215.jpg 300w, https:\/\/elcafedepipa.com\/wp-content\/uploads\/2025\/07\/quadre-Vercher-768x549.jpg 768w, https:\/\/elcafedepipa.com\/wp-content\/uploads\/2025\/07\/quadre-Vercher-1536x1098.jpg 1536w, https:\/\/elcafedepipa.com\/wp-content\/uploads\/2025\/07\/quadre-Vercher.jpg 1600w\" sizes=\"(max-width: 1024px) 100vw, 1024px\" \/><\/figure>\n","protected":false},"excerpt":{"rendered":"<p>L&#8217;artista Salvador Fuster Vercher presenta el seu treball m\u00e9s recent a la sala d&#8217;exposicions Maria Sorolla, situada a la platja de Moncofa, on estar\u00e0 obert al p\u00fablic de l&#8217;1 al 31 d&#8217;agost. La inauguraci\u00f3 oficial tindr\u00e0 lloc el divendres dia 1 a les 19.30 hores. Fuster Vercher, amb una s\u00f2lida traject\u00f2ria en l&#8217;\u00e0mbit de la &#8230; <a title=\"Salvador Fuster Vercher protagonitza agost en la sala Maria Sorolla de Moncofa\" class=\"read-more\" href=\"https:\/\/elcafedepipa.com\/index.php\/2025\/07\/31\/salvador-fuster-vercher-protagonitza-agost-en-la-sala-maria-sorolla-de-moncofa\/\" aria-label=\"M\u00e9s informaci\u00f3 sobre Salvador Fuster Vercher protagonitza agost en la sala Maria Sorolla de Moncofa\">Read more<\/a><\/p>\n","protected":false},"author":2,"featured_media":16094,"comment_status":"closed","ping_status":"closed","sticky":false,"template":"","format":"standard","meta":{"om_disable_all_campaigns":false,"_monsterinsights_skip_tracking":false,"_monsterinsights_sitenote_active":false,"_monsterinsights_sitenote_note":"","_monsterinsights_sitenote_category":0,"_uf_show_specific_survey":0,"_uf_disable_surveys":false,"footnotes":""},"categories":[4],"tags":[],"class_list":["post-16093","post","type-post","status-publish","format-standard","has-post-thumbnail","hentry","category-moncofa"],"_links":{"self":[{"href":"https:\/\/elcafedepipa.com\/index.php\/wp-json\/wp\/v2\/posts\/16093","targetHints":{"allow":["GET"]}}],"collection":[{"href":"https:\/\/elcafedepipa.com\/index.php\/wp-json\/wp\/v2\/posts"}],"about":[{"href":"https:\/\/elcafedepipa.com\/index.php\/wp-json\/wp\/v2\/types\/post"}],"author":[{"embeddable":true,"href":"https:\/\/elcafedepipa.com\/index.php\/wp-json\/wp\/v2\/users\/2"}],"replies":[{"embeddable":true,"href":"https:\/\/elcafedepipa.com\/index.php\/wp-json\/wp\/v2\/comments?post=16093"}],"version-history":[{"count":2,"href":"https:\/\/elcafedepipa.com\/index.php\/wp-json\/wp\/v2\/posts\/16093\/revisions"}],"predecessor-version":[{"id":16097,"href":"https:\/\/elcafedepipa.com\/index.php\/wp-json\/wp\/v2\/posts\/16093\/revisions\/16097"}],"wp:featuredmedia":[{"embeddable":true,"href":"https:\/\/elcafedepipa.com\/index.php\/wp-json\/wp\/v2\/media\/16094"}],"wp:attachment":[{"href":"https:\/\/elcafedepipa.com\/index.php\/wp-json\/wp\/v2\/media?parent=16093"}],"wp:term":[{"taxonomy":"category","embeddable":true,"href":"https:\/\/elcafedepipa.com\/index.php\/wp-json\/wp\/v2\/categories?post=16093"},{"taxonomy":"post_tag","embeddable":true,"href":"https:\/\/elcafedepipa.com\/index.php\/wp-json\/wp\/v2\/tags?post=16093"}],"curies":[{"name":"wp","href":"https:\/\/api.w.org\/{rel}","templated":true}]}}