{"id":16072,"date":"2025-07-30T15:45:07","date_gmt":"2025-07-30T13:45:07","guid":{"rendered":"https:\/\/elcafedepipa.com\/?p=16072"},"modified":"2025-07-30T15:45:08","modified_gmt":"2025-07-30T13:45:08","slug":"latur-a-moncofa-cau-al-nivell-mes-baix-des-de-2009-i-se-situa-en-el-874","status":"publish","type":"post","link":"https:\/\/elcafedepipa.com\/index.php\/2025\/07\/30\/latur-a-moncofa-cau-al-nivell-mes-baix-des-de-2009-i-se-situa-en-el-874\/","title":{"rendered":"L\u2019atur a Moncofa cau al nivell m\u00e9s baix des de 2009 i se situa en el 8,74 %"},"content":{"rendered":"\n<p><strong>Moncofa ha registrat al juny de 2025 una taxa d&#8217;atur del 8,74 %, la m\u00e9s baixa dels \u00faltims 16 anys, situant-se per sota de la mitjana provincial i auton\u00f2mica. En total, el municipi compta amb 326 persones desocupades, enfront de les 379 de l&#8217;any passat, consolidant aix\u00ed una tend\u00e8ncia sostinguda de reducci\u00f3 de la desocupaci\u00f3.<\/strong><\/p>\n\n\n\n<p>La baixada acumulada des de 2020, quan es va aconseguir el pic recent de l\u201911,57 %, \u00e9s de quasi tres punts. A m\u00e9s, el municipi ha rebaixat la seua taxa en m\u00e9s de 4,5 punts respecte al m\u00e0xim de la s\u00e8rie, registrat en 2009, amb un 13,37 %.<\/p>\n\n\n\n<p>L&#8217;alcalde de Moncofa, <strong>Wences Al\u00f3s Valls<\/strong>, ha valorat molt positivament estes dades, que situen a la localitat com un dels municipis amb menor desocupaci\u00f3 de la prov\u00edncia de Castell\u00f3 i avalen l&#8217;esfor\u00e7 realitzat en els \u00faltims anys pel teixit productiu local i per l&#8217;Ajuntament. \u201cEstem per davall del 9 % i aix\u00f2 \u00e9s fruit d&#8217;anys de treball, d&#8217;una aposta clara per les pol\u00edtiques de suport a l&#8217;activitat econ\u00f2mica i per la diversificaci\u00f3 del teixit productiu\u201d, ha assenyalat.<\/p>\n\n\n\n<p>El primer edil apunta a la transformaci\u00f3 de Moncofa en els \u00faltims anys com un dels pilars que sustenten les bones dades d&#8217;ocupaci\u00f3. \u201cMoncofa ha sabut aprofitar el repunt del turisme i diversificar l&#8217;economia, refor\u00e7ant el paper del sector cer\u00e0mic, sense oblidar el nostre sector agr\u00edcola. Tot aix\u00f2, unit a les pol\u00edtiques municipals dirigides a fomentar l&#8217;ocupaci\u00f3, est\u00e0 donant resultats visibles\u201d, assenyala Al\u00f3s Valls.<\/p>\n\n\n\n<p>Per part seua, el regidor d&#8217;Ocupaci\u00f3, <strong>Jos\u00e9 Mar\u00eda Andr\u00e9s<\/strong>, ha subratllat la import\u00e0ncia de les pol\u00edtiques p\u00fabliques actives d&#8217;ocupaci\u00f3 per a afermar esta evoluci\u00f3 positiva del mercat laboral local. \u201cDes de l&#8217;Ajuntament hem fet una aposta decidida pels plans d&#8217;ocupaci\u00f3, amb una dotaci\u00f3 de m\u00e9s de 100.000 euros enguany, que han perm\u00e9s contractar una vintena de persones a l&#8217;estiu, quan la poblaci\u00f3 del municipi es multiplica\u201d, ha explicat. A este pla de refor\u00e7 estival, se sumen altres programes, com els tallers d&#8217;ocupaci\u00f3 impulsats per la Generalitat Valenciana.<\/p>\n\n\n\n<p>\u201cMoncofa \u00e9s un dels municipis amb m\u00e9s tallers en marxa: actualment comptem amb dos, dels quals s&#8217;estan beneficiant 40 persones. Estos programes tenen una doble vessant: proporcionen treball durant un any i, al mateix temps, ofereixen formaci\u00f3 i qualificaci\u00f3 professional que millora l&#8217;ocupabilitat futura dels qui hi participen\u201d, ha apuntat l&#8217;edil.<\/p>\n\n\n\n<p>Les dades de juny permeten situar Moncofa per davall de les taxes d&#8217;atur auton\u00f2mica i provincial, que superen l&#8217;11 % en els dos casos. \u201cAix\u00f2 ens posiciona com una de les poblacions m\u00e9s din\u00e0miques de la prov\u00edncia en mat\u00e8ria d&#8217;ocupaci\u00f3 i ens anima a continuar treballant en esta mateixa l\u00ednia\u201d, conclou l&#8217;alcalde.<\/p>\n\n\n\n<figure class=\"wp-block-image size-large\"><img fetchpriority=\"high\" decoding=\"async\" width=\"1024\" height=\"576\" src=\"https:\/\/elcafedepipa.com\/wp-content\/uploads\/2025\/07\/obres2-1024x576.jpeg\" alt=\"\" class=\"wp-image-16074\" srcset=\"https:\/\/elcafedepipa.com\/wp-content\/uploads\/2025\/07\/obres2-1024x576.jpeg 1024w, https:\/\/elcafedepipa.com\/wp-content\/uploads\/2025\/07\/obres2-300x169.jpeg 300w, https:\/\/elcafedepipa.com\/wp-content\/uploads\/2025\/07\/obres2-768x432.jpeg 768w, https:\/\/elcafedepipa.com\/wp-content\/uploads\/2025\/07\/obres2-1536x864.jpeg 1536w, https:\/\/elcafedepipa.com\/wp-content\/uploads\/2025\/07\/obres2.jpeg 1600w\" sizes=\"(max-width: 1024px) 100vw, 1024px\" \/><\/figure>\n","protected":false},"excerpt":{"rendered":"<p>Moncofa ha registrat al juny de 2025 una taxa d&#8217;atur del 8,74 %, la m\u00e9s baixa dels \u00faltims 16 anys, situant-se per sota de la mitjana provincial i auton\u00f2mica. En total, el municipi compta amb 326 persones desocupades, enfront de les 379 de l&#8217;any passat, consolidant aix\u00ed una tend\u00e8ncia sostinguda de reducci\u00f3 de la desocupaci\u00f3. &#8230; <a title=\"L\u2019atur a Moncofa cau al nivell m\u00e9s baix des de 2009 i se situa en el 8,74 %\" class=\"read-more\" href=\"https:\/\/elcafedepipa.com\/index.php\/2025\/07\/30\/latur-a-moncofa-cau-al-nivell-mes-baix-des-de-2009-i-se-situa-en-el-874\/\" aria-label=\"M\u00e9s informaci\u00f3 sobre L\u2019atur a Moncofa cau al nivell m\u00e9s baix des de 2009 i se situa en el 8,74 %\">Read more<\/a><\/p>\n","protected":false},"author":2,"featured_media":16073,"comment_status":"closed","ping_status":"closed","sticky":false,"template":"","format":"standard","meta":{"om_disable_all_campaigns":false,"_monsterinsights_skip_tracking":false,"_monsterinsights_sitenote_active":false,"_monsterinsights_sitenote_note":"","_monsterinsights_sitenote_category":0,"_uf_show_specific_survey":0,"_uf_disable_surveys":false,"footnotes":""},"categories":[4],"tags":[],"class_list":["post-16072","post","type-post","status-publish","format-standard","has-post-thumbnail","hentry","category-moncofa"],"_links":{"self":[{"href":"https:\/\/elcafedepipa.com\/index.php\/wp-json\/wp\/v2\/posts\/16072","targetHints":{"allow":["GET"]}}],"collection":[{"href":"https:\/\/elcafedepipa.com\/index.php\/wp-json\/wp\/v2\/posts"}],"about":[{"href":"https:\/\/elcafedepipa.com\/index.php\/wp-json\/wp\/v2\/types\/post"}],"author":[{"embeddable":true,"href":"https:\/\/elcafedepipa.com\/index.php\/wp-json\/wp\/v2\/users\/2"}],"replies":[{"embeddable":true,"href":"https:\/\/elcafedepipa.com\/index.php\/wp-json\/wp\/v2\/comments?post=16072"}],"version-history":[{"count":1,"href":"https:\/\/elcafedepipa.com\/index.php\/wp-json\/wp\/v2\/posts\/16072\/revisions"}],"predecessor-version":[{"id":16075,"href":"https:\/\/elcafedepipa.com\/index.php\/wp-json\/wp\/v2\/posts\/16072\/revisions\/16075"}],"wp:featuredmedia":[{"embeddable":true,"href":"https:\/\/elcafedepipa.com\/index.php\/wp-json\/wp\/v2\/media\/16073"}],"wp:attachment":[{"href":"https:\/\/elcafedepipa.com\/index.php\/wp-json\/wp\/v2\/media?parent=16072"}],"wp:term":[{"taxonomy":"category","embeddable":true,"href":"https:\/\/elcafedepipa.com\/index.php\/wp-json\/wp\/v2\/categories?post=16072"},{"taxonomy":"post_tag","embeddable":true,"href":"https:\/\/elcafedepipa.com\/index.php\/wp-json\/wp\/v2\/tags?post=16072"}],"curies":[{"name":"wp","href":"https:\/\/api.w.org\/{rel}","templated":true}]}}