{"id":16066,"date":"2025-07-30T15:39:32","date_gmt":"2025-07-30T13:39:32","guid":{"rendered":"https:\/\/elcafedepipa.com\/?p=16066"},"modified":"2025-07-30T15:41:49","modified_gmt":"2025-07-30T13:41:49","slug":"tecnologia-eficiencia-i-sostenibilitat-marquen-el-rumb-de-laigua-a-la-vall-duixo","status":"publish","type":"post","link":"https:\/\/elcafedepipa.com\/index.php\/2025\/07\/30\/tecnologia-eficiencia-i-sostenibilitat-marquen-el-rumb-de-laigua-a-la-vall-duixo\/","title":{"rendered":"Tecnologia, efici\u00e8ncia i sostenibilitat marquen el rumb de l&#8217;aigua a la Vall d\u2019Uix\u00f3"},"content":{"rendered":"\n<p><strong>L&#8217;Ajuntament de la Vall d\u2019Uix\u00f3 i Facsa avancen en un full de ruta basat en la renovaci\u00f3 d\u2019infraestructures, la digitalitzaci\u00f3 i la gesti\u00f3 eficient de l\u2019aigua<\/strong><\/p>\n\n\n\n<p>L&#8217;aigua \u00e9s un recurs estrat\u00e8gic per al desenvolupament dels municipis, i garantir-ne l&#8217;acc\u00e9s en quantitat i qualitat suficient \u00e9s un dels grans desafiaments del present, especialment en un context com l&#8217;actual marcat pel canvi clim\u00e0tic. Conscients d&#8217;aix\u00f2, l&#8217;Ajuntament de la Vall d&#8217;Uix\u00f3 i Facsa han dut a terme en els darrers anys una profunda transformaci\u00f3 de les infraestructures hidr\u00e0uliques del municipi, amb l&#8217;objectiu de dotar-lo d&#8217;una xarxa moderna, que aporti efici\u00e8ncia i resili\u00e8ncia davant dels reptes clim\u00e0tics que condicionaran l&#8217;\u00fas i la gesti\u00f3 de l&#8217;aigua en el futur.<\/p>\n\n\n\n<p>Aquesta transformaci\u00f3 s&#8217;ha tradu\u00eft en millores tangibles que permeten a la Vall avan\u00e7ar cap a un model de gesti\u00f3 de l&#8217;aigua m\u00e9s sostenible i alineat amb les necessitats del segle XXI: des de la renovaci\u00f3 de quil\u00f2metres de canonades antigues fins a la implantaci\u00f3 de sistemes de control intel\u00b7ligent, passant per campanyes de conscienciaci\u00f3 o espais de debat t\u00e8cnic.<\/p>\n\n\n\n<p><strong>Renovaci\u00f3 urbana i hidr\u00e0ulica a diferents barris<\/strong><\/p>\n\n\n\n<p>Entre les actuacions m\u00e9s recents, destaca la <strong>renovaci\u00f3 integral del carrer Institut,<\/strong> una via clau per al dia a dia d&#8217;estudiants i ve\u00efns. A m\u00e9s de substituir les canalitzacions antigues, s&#8217;ha implantat per primera vegada una xarxa d&#8217;aig\u00fces pluvials per canalitzar l&#8217;aigua de pluja i evitar embassaments. Aquest tipus de solucions reforcen la capacitat de resposta del municipi, milloren la seguretat i aposten per una gesti\u00f3 m\u00e9s intel\u00b7ligent dels recursos h\u00eddrics.<\/p>\n\n\n\n<p>Tamb\u00e9 s&#8217;han desenvolupat importants <strong>actuacions en carrers com Xac\u00f3, Sagunt, Ausi\u00e0s March o la carretera de Segorbe<\/strong>, millorant significativament la qualitat de l&#8217;aigua i la pressi\u00f3 del subministrament. A barris com La Uni\u00f3n, les obres han perm\u00e8s equilibrar la distribuci\u00f3 de l&#8217;aigua i refor\u00e7ar el control de la xarxa, facilitant la detecci\u00f3 preco\u00e7 de fuites o incid\u00e8ncies, i minimitzant el malbaratament d&#8217;aigua, en l\u00ednia amb una gesti\u00f3 m\u00e9s eficient i respectuosa amb el medi ambient.<\/p>\n\n\n\n<p>Una de les claus d\u201faquesta evoluci\u00f3 ha estat l\u201faposta decidida per la <strong>digitalitzaci\u00f3<\/strong>. El 2019, l&#8217;Ajuntament i Facsa van implantar el Servei de Telegesti\u00f3 de Grans Consumidors (STGC) a diverses instal\u00b7lacions municipals, cosa que permet monitoritzar els consums en temps real i actuar amb rapidesa davant qualsevol anomalia.<\/p>\n\n\n\n<p>Posteriorment, i en l\u00ednia amb l&#8217;actuaci\u00f3 anterior, s&#8217;ha implantat la <strong>telelectura de comptadors dom\u00e8stics a la zona de Sant Josep i part del barri Carmaday<\/strong>, i s&#8217;han establert les infraestructures necess\u00e0ries per poder ampliar aquesta tecnologia a tots els abonats del municipi.<\/p>\n\n\n\n<p>Seguint amb l&#8217;aposta per la digitalitzaci\u00f3, en els darrers temps s&#8217;ha ampliat el nombre de sectors hidr\u00e0ulics de l&#8217;abastament fins a un total de vint-i-cinc, fet que permet un control en temps real de cabals i pressions a pr\u00e0cticament tota la xarxa. Aquest sistema ha estat fonamental en moments de tensi\u00f3 h\u00eddrica, com els episodis de sequera viscuts en els darrers anys, i permet optimitzar l&#8217;\u00fas d&#8217;un recurs tan essencial com \u00e9s l&#8217;aigua potable.<\/p>\n\n\n\n<p>Dins d&#8217;aquesta estrat\u00e8gia d&#8217;anticipaci\u00f3 i renovaci\u00f3, s&#8217;han rehabilitat tamb\u00e9 diverses infraestructures hidr\u00e0uliques com s\u00f3n els dos dip\u00f2sits d&#8217;aigua potable m\u00e9s grans del municipi, el <strong>Dep\u00f2sit Cuadrat i el Dep\u00f2sit Red\u00f3<\/strong>, intervencions que en reforcen la seguretat i n&#8217;allarguen la vida \u00fatil, garantint un subministrament fiable i estable per als propers anys.<\/p>\n\n\n\n<p><strong>Un model de gesti\u00f3 amb la sostenibilitat com a eix<\/strong><\/p>\n\n\n\n<p>El comprom\u00eds amb la sostenibilitat es reflecteix no nom\u00e9s a les obres, sin\u00f3 tamb\u00e9 en la forma de prestar el servei. La Vall d\u2019Uix\u00f3 ha estat un dels primers municipis de la prov\u00edncia a comptar amb una flota de vehicles de treball 100% electrificada, que inclou des de turismes d\u2019inspecci\u00f3 fins a furgonetes de manteniment i un cami\u00f3 bolquet el\u00e8ctric. Una aposta per la mobilitat neta que redueix les emissions associades a la gesti\u00f3 di\u00e0ria del servei.<\/p>\n\n\n\n<p>A m\u00e9s, a l&#8217;\u00faltim any, el servei d&#8217;abastament d&#8217;aigua a la Vall d&#8217;Uix\u00f3 ha obtingut dues certificacions clau: la ISO 14001 de Medi Ambient i la ISO 45001 en Prevenci\u00f3 de Riscos Laborals, que se sumen a la ISO 9001 de Qualitat, ja implantada des de fa anys. Aquests reconeixements acrediten el compliment d\u201fest\u00e0ndards internacionals i reforcen la confian\u00e7a en una gesti\u00f3 orientada a la millora cont\u00ednua, la seguretat i el respecte al\u201fentorn.<\/p>\n\n\n\n<p>Tot aquest treball, fruit d&#8217;una estreta col\u00b7laboraci\u00f3 entre l&#8217;Ajuntament de la Vall d&#8217;Uix\u00f3 i Facsa, posa en relleu la import\u00e0ncia de comptar amb una planificaci\u00f3 t\u00e8cnica especialitzada i una mirada a llarg termini. <\/p>\n","protected":false},"excerpt":{"rendered":"<p>L&#8217;Ajuntament de la Vall d\u2019Uix\u00f3 i Facsa avancen en un full de ruta basat en la renovaci\u00f3 d\u2019infraestructures, la digitalitzaci\u00f3 i la gesti\u00f3 eficient de l\u2019aigua L&#8217;aigua \u00e9s un recurs estrat\u00e8gic per al desenvolupament dels municipis, i garantir-ne l&#8217;acc\u00e9s en quantitat i qualitat suficient \u00e9s un dels grans desafiaments del present, especialment en un context &#8230; <a title=\"Tecnologia, efici\u00e8ncia i sostenibilitat marquen el rumb de l&#8217;aigua a la Vall d\u2019Uix\u00f3\" class=\"read-more\" href=\"https:\/\/elcafedepipa.com\/index.php\/2025\/07\/30\/tecnologia-eficiencia-i-sostenibilitat-marquen-el-rumb-de-laigua-a-la-vall-duixo\/\" aria-label=\"M\u00e9s informaci\u00f3 sobre Tecnologia, efici\u00e8ncia i sostenibilitat marquen el rumb de l&#8217;aigua a la Vall d\u2019Uix\u00f3\">Read more<\/a><\/p>\n","protected":false},"author":2,"featured_media":16067,"comment_status":"closed","ping_status":"closed","sticky":false,"template":"","format":"standard","meta":{"om_disable_all_campaigns":false,"_monsterinsights_skip_tracking":false,"_monsterinsights_sitenote_active":false,"_monsterinsights_sitenote_note":"","_monsterinsights_sitenote_category":0,"_uf_show_specific_survey":0,"_uf_disable_surveys":false,"footnotes":""},"categories":[1],"tags":[],"class_list":["post-16066","post","type-post","status-publish","format-standard","has-post-thumbnail","hentry","category-non-classe"],"_links":{"self":[{"href":"https:\/\/elcafedepipa.com\/index.php\/wp-json\/wp\/v2\/posts\/16066","targetHints":{"allow":["GET"]}}],"collection":[{"href":"https:\/\/elcafedepipa.com\/index.php\/wp-json\/wp\/v2\/posts"}],"about":[{"href":"https:\/\/elcafedepipa.com\/index.php\/wp-json\/wp\/v2\/types\/post"}],"author":[{"embeddable":true,"href":"https:\/\/elcafedepipa.com\/index.php\/wp-json\/wp\/v2\/users\/2"}],"replies":[{"embeddable":true,"href":"https:\/\/elcafedepipa.com\/index.php\/wp-json\/wp\/v2\/comments?post=16066"}],"version-history":[{"count":1,"href":"https:\/\/elcafedepipa.com\/index.php\/wp-json\/wp\/v2\/posts\/16066\/revisions"}],"predecessor-version":[{"id":16068,"href":"https:\/\/elcafedepipa.com\/index.php\/wp-json\/wp\/v2\/posts\/16066\/revisions\/16068"}],"wp:featuredmedia":[{"embeddable":true,"href":"https:\/\/elcafedepipa.com\/index.php\/wp-json\/wp\/v2\/media\/16067"}],"wp:attachment":[{"href":"https:\/\/elcafedepipa.com\/index.php\/wp-json\/wp\/v2\/media?parent=16066"}],"wp:term":[{"taxonomy":"category","embeddable":true,"href":"https:\/\/elcafedepipa.com\/index.php\/wp-json\/wp\/v2\/categories?post=16066"},{"taxonomy":"post_tag","embeddable":true,"href":"https:\/\/elcafedepipa.com\/index.php\/wp-json\/wp\/v2\/tags?post=16066"}],"curies":[{"name":"wp","href":"https:\/\/api.w.org\/{rel}","templated":true}]}}