{"id":16058,"date":"2025-07-30T15:31:07","date_gmt":"2025-07-30T13:31:07","guid":{"rendered":"https:\/\/elcafedepipa.com\/?p=16058"},"modified":"2025-07-30T15:31:20","modified_gmt":"2025-07-30T13:31:20","slug":"lajuntament-de-la-vall-duixo-neteja-les-zones-periurbanes-per-prevenir-incendis-forestals","status":"publish","type":"post","link":"https:\/\/elcafedepipa.com\/index.php\/2025\/07\/30\/lajuntament-de-la-vall-duixo-neteja-les-zones-periurbanes-per-prevenir-incendis-forestals\/","title":{"rendered":"L&#8217;Ajuntament de la Vall d&#8217;Uix\u00f3 neteja les zones periurbanes per prevenir incendis forestals"},"content":{"rendered":"\n<p><strong>Els treballs redueixen la massa vegetal seca a la franja entre la zona forestal i de vivendes en aquesta \u00e8poca d&#8217;altes temperatures<\/strong><\/p>\n\n\n\n<p>L&#8217;Ajuntament de la Vall d&#8217;Uix\u00f3 est\u00e0 fent treballs de silvicultura a les zones periurbanes de la zona de Sant Josep que confronta amb el barranc del Belcaire, Carbonaire, l&#8217;Horteta i la Punta (carretera de Moncofa). Concretament, s&#8217;est\u00e0 netejant la franja que uneix la zona forestal amb la urbana, amb l&#8217;objectiu de \u201creduir la massa vegetal seca que \u00e9s molt inflamable en aquesta \u00e8poca de l&#8217;any\u201d, tal com ha explicat el regidor de Transici\u00f3 Ecol\u00f2gica i Medi Ambient, Marc Seguer.<\/p>\n\n\n\n<p>Aix\u00ed, es crea una dist\u00e0ncia de seguretat, a tall de tallafocs, perqu\u00e8 \u201csi es produeix un incendi en un habitatge no passe a la muntanya i al rev\u00e9s\u201d. Aquestes actuacions les est\u00e0 fent una empresa especialitzada gr\u00e0cies a una subvenci\u00f3 de 14.500 euros. Aquests diners provenen del fons estrat\u00e8gic de la Generalitat Valenciana per prevenir incendis forestals.<\/p>\n\n\n\n<p>En total aquest any s&#8217;actuar\u00e0 en 57.000 m\u00b2 del terme municipal per &#8220;minimitzar el risc d&#8217;incendi en la mesura que siga possible, especialment en aquestes zones a les portes de la Serra Espad\u00e0, que s\u00f3n de gran valor natural i ecol\u00f2gic&#8221;, ha apreciat el regidor. Perqu\u00e8 encara que els darrers mesos \u201chan estat excepcionalment humits, amb la calor la massa forestal s&#8217;asseca i es converteix en combustible\u201d.<\/p>\n\n\n\n<p>Finalment, ha recordat alguns consells a seguir als habitatges situats a zones periurbanes, ja que s\u00f3n \u201centorns sensibles en qu\u00e8 cal extremar les precaucions\u201d. Les recomanacions b\u00e0siques s\u00f3n: fer el m\u00ednim foc possible a l&#8217;exterior, guardar a llocs a\u00efllats els materials inflamables i la llenya, mantenir la poda al dia, utilitzar mobiliari de fusta i plantar esp\u00e8cies m\u00e9s resistents al foc.<\/p>\n\n\n\n<p>Tamb\u00e9 cal recordar que les cremes agr\u00edcoles estan prohibides fins al 15 d\u2019octubre. Seguer ha considerat que &#8220;en general tenim clares les indicacions de no fer foc o no llen\u00e7ar burilles per\u00f2 no som conscients que deixar residus a la muntanya tamb\u00e9 pot ser un perill perqu\u00e8 poden ser inflamables en condicions d\u00b4altes temperatures&#8221;.<\/p>\n\n\n","protected":false},"excerpt":{"rendered":"<p>Els treballs redueixen la massa vegetal seca a la franja entre la zona forestal i de vivendes en aquesta \u00e8poca d&#8217;altes temperatures L&#8217;Ajuntament de la Vall d&#8217;Uix\u00f3 est\u00e0 fent treballs de silvicultura a les zones periurbanes de la zona de Sant Josep que confronta amb el barranc del Belcaire, Carbonaire, l&#8217;Horteta i la Punta (carretera &#8230; <a title=\"L&#8217;Ajuntament de la Vall d&#8217;Uix\u00f3 neteja les zones periurbanes per prevenir incendis forestals\" class=\"read-more\" href=\"https:\/\/elcafedepipa.com\/index.php\/2025\/07\/30\/lajuntament-de-la-vall-duixo-neteja-les-zones-periurbanes-per-prevenir-incendis-forestals\/\" aria-label=\"M\u00e9s informaci\u00f3 sobre L&#8217;Ajuntament de la Vall d&#8217;Uix\u00f3 neteja les zones periurbanes per prevenir incendis forestals\">Read more<\/a><\/p>\n","protected":false},"author":2,"featured_media":16059,"comment_status":"closed","ping_status":"closed","sticky":false,"template":"","format":"standard","meta":{"om_disable_all_campaigns":false,"_monsterinsights_skip_tracking":false,"_monsterinsights_sitenote_active":false,"_monsterinsights_sitenote_note":"","_monsterinsights_sitenote_category":0,"_uf_show_specific_survey":0,"_uf_disable_surveys":false,"footnotes":""},"categories":[1],"tags":[],"class_list":["post-16058","post","type-post","status-publish","format-standard","has-post-thumbnail","hentry","category-non-classe"],"_links":{"self":[{"href":"https:\/\/elcafedepipa.com\/index.php\/wp-json\/wp\/v2\/posts\/16058","targetHints":{"allow":["GET"]}}],"collection":[{"href":"https:\/\/elcafedepipa.com\/index.php\/wp-json\/wp\/v2\/posts"}],"about":[{"href":"https:\/\/elcafedepipa.com\/index.php\/wp-json\/wp\/v2\/types\/post"}],"author":[{"embeddable":true,"href":"https:\/\/elcafedepipa.com\/index.php\/wp-json\/wp\/v2\/users\/2"}],"replies":[{"embeddable":true,"href":"https:\/\/elcafedepipa.com\/index.php\/wp-json\/wp\/v2\/comments?post=16058"}],"version-history":[{"count":1,"href":"https:\/\/elcafedepipa.com\/index.php\/wp-json\/wp\/v2\/posts\/16058\/revisions"}],"predecessor-version":[{"id":16061,"href":"https:\/\/elcafedepipa.com\/index.php\/wp-json\/wp\/v2\/posts\/16058\/revisions\/16061"}],"wp:featuredmedia":[{"embeddable":true,"href":"https:\/\/elcafedepipa.com\/index.php\/wp-json\/wp\/v2\/media\/16059"}],"wp:attachment":[{"href":"https:\/\/elcafedepipa.com\/index.php\/wp-json\/wp\/v2\/media?parent=16058"}],"wp:term":[{"taxonomy":"category","embeddable":true,"href":"https:\/\/elcafedepipa.com\/index.php\/wp-json\/wp\/v2\/categories?post=16058"},{"taxonomy":"post_tag","embeddable":true,"href":"https:\/\/elcafedepipa.com\/index.php\/wp-json\/wp\/v2\/tags?post=16058"}],"curies":[{"name":"wp","href":"https:\/\/api.w.org\/{rel}","templated":true}]}}