{"id":16055,"date":"2025-07-30T15:29:21","date_gmt":"2025-07-30T13:29:21","guid":{"rendered":"https:\/\/elcafedepipa.com\/?p=16055"},"modified":"2025-07-30T15:29:23","modified_gmt":"2025-07-30T13:29:23","slug":"la-diputacio-de-castello-impulsa-lorganitzacio-de-festejos-taurins-amb-140-000-euros-dajudes-per-a-associacions-i-penyes-taurines-de-la-provincia","status":"publish","type":"post","link":"https:\/\/elcafedepipa.com\/index.php\/2025\/07\/30\/la-diputacio-de-castello-impulsa-lorganitzacio-de-festejos-taurins-amb-140-000-euros-dajudes-per-a-associacions-i-penyes-taurines-de-la-provincia\/","title":{"rendered":"La Diputaci\u00f3 de Castell\u00f3 impulsa l&#8217;organitzaci\u00f3 de festejos taurins amb 140.000 euros d&#8217;ajudes per a associacions i penyes taurines de la prov\u00edncia"},"content":{"rendered":"\n<p><strong>La Junta de Govern ha aprovat la concessi\u00f3 de subvencions a 148 associacions i penyes taurines de 77 municipis de la prov\u00edncia de Castell\u00f3 per a la realitzaci\u00f3 d&#8217;activitats taurines durant el 2025.<\/strong><\/p>\n\n\n\n<p>La presidenta de la instituci\u00f3 provincial, Marta Barrachina, ha destacat el comprom\u00eds de l&#8217;equip de Govern Provincial amb els Bous al Carrer, assenyalant que es tracta de \u201cun dels esdeveniments festius amb major arrelament i car\u00e0cter tradicional de la nostra terra\u201d.<\/p>\n\n\n\n<p>Cada jornada taurina que se celebra a la prov\u00edncia de Castell\u00f3 mobilitza a centenars de persones, convertint-se en un recurs tur\u00edstic que dinamitza els municipis i afavorix el teixit econ\u00f2mic. Per aix\u00f2, \u201cdes del Govern Provincial secundem i impulsem este tipus de celebracions i destinem 140.000 euros per a possibilitar a les penyes i associacions de la nostra terra a organitzar estos festejos en el conjunt del territori\u201d, ha assenyalat la presidenta provincial.<\/p>\n\n\n\n<p>Cada dia s\u00f3n m\u00e9s les associacions i penyes que treballen per fer possible la celebraci\u00f3 dels Bous al Carrer, aix\u00ed com el manteniment i promoci\u00f3 de la seua tradici\u00f3 i dimensi\u00f3 cultural i \u201cdes de la instituci\u00f3 provincial volem que troben en la Diputaci\u00f3 un aliat a l&#8217;hora de dur a terme estos festejos que reivindiquen l&#8217;arrelament cultural dels nostres pobles al m\u00f3n del bou\u201d, ha indicat Marta Barrachina.<\/p>\n\n\n\n<p>Perqu\u00e8 \u201cCastell\u00f3 \u00e9s una prov\u00edncia taurina i els Bous al Carrer, especialment, s\u00f3n una senya d&#8217;identitat dels nostres 135 municipis i de la nostra cultura\u201d, ha insistit la m\u00e0xima representant de la instituci\u00f3 provincial.<\/p>\n\n\n\n<p>En este sentit, la dirigent provincial ha manifestat que es beneficiaran d&#8217;estes ajudes un total de 134 associacions i 14 penyes del conjunt de la prov\u00edncia. Una injecci\u00f3 econ\u00f2mica amb la qual podran comptar amb recursos per a millorar l&#8217;organitzaci\u00f3 i promoci\u00f3 d&#8217;estos festejos, garantint la seua continu\u00eftat i dinamitzant l&#8217;activitat en cada poble.<\/p>\n\n\n\n<p>Per part seua, el diputat de Cultura, Alejandro Clausell, ha posat l&#8217;accent que \u201camb estes ajudes no sols fomentem la celebraci\u00f3 de festejos taurins als nostres pobles, sin\u00f3 que reforcem el nostre comprom\u00eds amb una de les manifestacions culturals i representatives del territori\u201d.<\/p>\n\n\n\n<p>Aix\u00ed, el diputat provincial ha def\u00e9s esta aposta com \u201cuna inversi\u00f3 en identitat, hist\u00f2ria i dinamitzaci\u00f3\u201d i ha insistit que \u201cdes de la Diputaci\u00f3 de Castell\u00f3 continuarem treballant per defendre una de les nostres majors senyes d&#8217;identitat, una activitat que forma part de la cultura de Castell\u00f3\u201d.<\/p>\n\n\n\n<p>\u201cLa prov\u00edncia de Castell\u00f3 no s&#8217;ent\u00e9n sense la celebraci\u00f3 de festejos taurins\u201d, ha afegit el diputat de Cultura, qui ha posat en valor el treball de les associacions i penyes que treballen durant tot l&#8217;any per a mantindre viva la passi\u00f3 pel bou amb respecte i professionalitat.<\/p>\n","protected":false},"excerpt":{"rendered":"<p>La Junta de Govern ha aprovat la concessi\u00f3 de subvencions a 148 associacions i penyes taurines de 77 municipis de la prov\u00edncia de Castell\u00f3 per a la realitzaci\u00f3 d&#8217;activitats taurines durant el 2025. La presidenta de la instituci\u00f3 provincial, Marta Barrachina, ha destacat el comprom\u00eds de l&#8217;equip de Govern Provincial amb els Bous al Carrer, &#8230; <a title=\"La Diputaci\u00f3 de Castell\u00f3 impulsa l&#8217;organitzaci\u00f3 de festejos taurins amb 140.000 euros d&#8217;ajudes per a associacions i penyes taurines de la prov\u00edncia\" class=\"read-more\" href=\"https:\/\/elcafedepipa.com\/index.php\/2025\/07\/30\/la-diputacio-de-castello-impulsa-lorganitzacio-de-festejos-taurins-amb-140-000-euros-dajudes-per-a-associacions-i-penyes-taurines-de-la-provincia\/\" aria-label=\"M\u00e9s informaci\u00f3 sobre La Diputaci\u00f3 de Castell\u00f3 impulsa l&#8217;organitzaci\u00f3 de festejos taurins amb 140.000 euros d&#8217;ajudes per a associacions i penyes taurines de la prov\u00edncia\">Read more<\/a><\/p>\n","protected":false},"author":2,"featured_media":16056,"comment_status":"closed","ping_status":"closed","sticky":false,"template":"","format":"standard","meta":{"om_disable_all_campaigns":false,"_monsterinsights_skip_tracking":false,"_monsterinsights_sitenote_active":false,"_monsterinsights_sitenote_note":"","_monsterinsights_sitenote_category":0,"_uf_show_specific_survey":0,"_uf_disable_surveys":false,"footnotes":""},"categories":[10],"tags":[],"class_list":["post-16055","post","type-post","status-publish","format-standard","has-post-thumbnail","hentry","category-provinciadecastello"],"_links":{"self":[{"href":"https:\/\/elcafedepipa.com\/index.php\/wp-json\/wp\/v2\/posts\/16055","targetHints":{"allow":["GET"]}}],"collection":[{"href":"https:\/\/elcafedepipa.com\/index.php\/wp-json\/wp\/v2\/posts"}],"about":[{"href":"https:\/\/elcafedepipa.com\/index.php\/wp-json\/wp\/v2\/types\/post"}],"author":[{"embeddable":true,"href":"https:\/\/elcafedepipa.com\/index.php\/wp-json\/wp\/v2\/users\/2"}],"replies":[{"embeddable":true,"href":"https:\/\/elcafedepipa.com\/index.php\/wp-json\/wp\/v2\/comments?post=16055"}],"version-history":[{"count":1,"href":"https:\/\/elcafedepipa.com\/index.php\/wp-json\/wp\/v2\/posts\/16055\/revisions"}],"predecessor-version":[{"id":16057,"href":"https:\/\/elcafedepipa.com\/index.php\/wp-json\/wp\/v2\/posts\/16055\/revisions\/16057"}],"wp:featuredmedia":[{"embeddable":true,"href":"https:\/\/elcafedepipa.com\/index.php\/wp-json\/wp\/v2\/media\/16056"}],"wp:attachment":[{"href":"https:\/\/elcafedepipa.com\/index.php\/wp-json\/wp\/v2\/media?parent=16055"}],"wp:term":[{"taxonomy":"category","embeddable":true,"href":"https:\/\/elcafedepipa.com\/index.php\/wp-json\/wp\/v2\/categories?post=16055"},{"taxonomy":"post_tag","embeddable":true,"href":"https:\/\/elcafedepipa.com\/index.php\/wp-json\/wp\/v2\/tags?post=16055"}],"curies":[{"name":"wp","href":"https:\/\/api.w.org\/{rel}","templated":true}]}}