{"id":16038,"date":"2025-07-29T14:40:04","date_gmt":"2025-07-29T12:40:04","guid":{"rendered":"https:\/\/elcafedepipa.com\/?p=16038"},"modified":"2025-07-29T14:40:05","modified_gmt":"2025-07-29T12:40:05","slug":"castello-sud-inicia-la-campanya-josoccastellosud-per-a-donar-a-coneixer-el-nou-fullet-del-club-de-producte-castello-sud","status":"publish","type":"post","link":"https:\/\/elcafedepipa.com\/index.php\/2025\/07\/29\/castello-sud-inicia-la-campanya-josoccastellosud-per-a-donar-a-coneixer-el-nou-fullet-del-club-de-producte-castello-sud\/","title":{"rendered":"Castell\u00f3 Sud inicia la campanya #JoS\u00f3cCastell\u00f3Sud per a donar a con\u00e9ixer el nou fullet del Club de Producte Castell\u00f3 Sud"},"content":{"rendered":"\n<p>Una campanya amb la qual es pret\u00e9n donar visibilitat a les empreses, associacions i professionals que formen part d&#8217;aquest club que reuneix m\u00e9s de 60 empreses i professionals del territori.<\/p>\n\n\n\n<p>En la presentaci\u00f3 han intervingut Jorge Garc\u00eda, president del Consorci Gestor del Pacte Territorial per l&#8217;Ocupaci\u00f3 de la Plana Baixa, entitat gestora de la marca Castell\u00f3 Sud, i Vicente Caballer, director del Balneari de la Vilavella i president del Club de Producte Tur\u00edstic Castell\u00f3 Sud.<\/p>\n\n\n\n<p>Garc\u00eda ha destacat que <em>\u201caquest fullet \u00e9s una eina fonamental per a cohesionar l&#8217;oferta tur\u00edstica de la Plana Baixa i mostrar al visitant la diversitat i la qualitat del nostre territori. Castell\u00f3 Sud \u00e9s un dest\u00ed viu, amb empreses compromeses i amb molt a oferir\u201d.<\/em><\/p>\n\n\n\n<p>Per part seua, Caballer ha posat en valor el treball conjunt entre sector p\u00fablic i privat:<em> \u201cEl Club de Producte \u00e9s la prova que units som m\u00e9s fortes. Representem a allotjaments, restaurants, productors locals, empreses d&#8217;oci i associacions que comparteixen el comprom\u00eds de donar el millor d&#8217;aquesta terra a qui ens visita\u201d.<\/em><\/p>\n\n\n\n<p><strong>Un fullet per a descobrir Castell\u00f3 Sud<\/strong><\/p>\n\n\n\n<p>El nou fullet, disponible tant en format digital (www.castellosud.es) com en format f\u00edsic en oficines de turisme i empreses del Club, reuneix m\u00e9s de 50 professionals i negocis del territori. En ell, els visitants podran trobar allotjaments amb encant, restaurants de cuina local, activitats en la naturalesa, productors de proximitat i associacions vinculades al turisme i la cultura local.<\/p>\n\n\n\n<p>Cada fitxa del fullet inclou informaci\u00f3 \u00fatil, contacte directe i la p\u00e0gina en la qual localitzar a cada empresa o professional, oferint aix\u00ed una visi\u00f3 completa i ordenada de l&#8217;oferta tur\u00edstica de la Plana Baixa.<\/p>\n\n\n\n<p><strong>Arranca la campanya #JoS\u00f3cCastell\u00f3Sud<\/strong><\/p>\n\n\n\n<p>Durant la roda de premsa tamb\u00e9 s&#8217;ha donat inici a la campanya #JoS\u00f3cCastell\u00f3Sud, una acci\u00f3 en xarxes socials en la qual els propis empresaris i professionals del Club seran els protagonistes, presentant-se davant el p\u00fablic a trav\u00e9s de v\u00eddeos curts.<\/p>\n\n\n\n<p>En aquests clips explicaran per qu\u00e8 formen part del Club de Producte i en quina p\u00e0gina del fullet se&#8217;ls pot trobar, mostrant la proximitat i autenticitat dels qui construeixen el dest\u00ed dia a dia.<\/p>\n\n\n\n<p><strong>Un projecte de col\u00b7laboraci\u00f3 i orgull de territori<\/strong><\/p>\n\n\n\n<p>El Club de Producte Tur\u00edstic Castell\u00f3 Sud, gestionat pel Consorci Gestor del Pacte Territorial per l&#8217;Ocupaci\u00f3 de la Plana Baixa, \u00e9s una alian\u00e7a entre empreses i entitats p\u00fabliques que busquen desenvolupar una oferta tur\u00edstica competitiva, de qualitat i basada en la identitat local.<\/p>\n\n\n\n<p>Amb aquesta campanya i el nou fullet, el Club reafirma el seu comprom\u00eds amb la promoci\u00f3 conjunta, la formaci\u00f3 dels seus membres i la creaci\u00f3 de sinergies que impulsen l&#8217;economia local i la projecci\u00f3 del territori.<\/p>\n\n\n\n<figure class=\"wp-block-image size-large\"><img fetchpriority=\"high\" decoding=\"async\" width=\"1024\" height=\"1015\" src=\"https:\/\/elcafedepipa.com\/wp-content\/uploads\/2025\/07\/20250729_Otros_imagen-nuevo-folleto-club-1024x1015.jpg\" alt=\"\" class=\"wp-image-16040\" srcset=\"https:\/\/elcafedepipa.com\/wp-content\/uploads\/2025\/07\/20250729_Otros_imagen-nuevo-folleto-club-1024x1015.jpg 1024w, https:\/\/elcafedepipa.com\/wp-content\/uploads\/2025\/07\/20250729_Otros_imagen-nuevo-folleto-club-300x297.jpg 300w, https:\/\/elcafedepipa.com\/wp-content\/uploads\/2025\/07\/20250729_Otros_imagen-nuevo-folleto-club-150x150.jpg 150w, https:\/\/elcafedepipa.com\/wp-content\/uploads\/2025\/07\/20250729_Otros_imagen-nuevo-folleto-club-768x761.jpg 768w, https:\/\/elcafedepipa.com\/wp-content\/uploads\/2025\/07\/20250729_Otros_imagen-nuevo-folleto-club-45x45.jpg 45w, https:\/\/elcafedepipa.com\/wp-content\/uploads\/2025\/07\/20250729_Otros_imagen-nuevo-folleto-club.jpg 1170w\" sizes=\"(max-width: 1024px) 100vw, 1024px\" \/><\/figure>\n","protected":false},"excerpt":{"rendered":"<p>Una campanya amb la qual es pret\u00e9n donar visibilitat a les empreses, associacions i professionals que formen part d&#8217;aquest club que reuneix m\u00e9s de 60 empreses i professionals del territori. En la presentaci\u00f3 han intervingut Jorge Garc\u00eda, president del Consorci Gestor del Pacte Territorial per l&#8217;Ocupaci\u00f3 de la Plana Baixa, entitat gestora de la marca &#8230; <a title=\"Castell\u00f3 Sud inicia la campanya #JoS\u00f3cCastell\u00f3Sud per a donar a con\u00e9ixer el nou fullet del Club de Producte Castell\u00f3 Sud\" class=\"read-more\" href=\"https:\/\/elcafedepipa.com\/index.php\/2025\/07\/29\/castello-sud-inicia-la-campanya-josoccastellosud-per-a-donar-a-coneixer-el-nou-fullet-del-club-de-producte-castello-sud\/\" aria-label=\"M\u00e9s informaci\u00f3 sobre Castell\u00f3 Sud inicia la campanya #JoS\u00f3cCastell\u00f3Sud per a donar a con\u00e9ixer el nou fullet del Club de Producte Castell\u00f3 Sud\">Read more<\/a><\/p>\n","protected":false},"author":2,"featured_media":16039,"comment_status":"closed","ping_status":"closed","sticky":false,"template":"","format":"standard","meta":{"om_disable_all_campaigns":false,"_monsterinsights_skip_tracking":false,"_monsterinsights_sitenote_active":false,"_monsterinsights_sitenote_note":"","_monsterinsights_sitenote_category":0,"_uf_show_specific_survey":0,"_uf_disable_surveys":false,"footnotes":""},"categories":[1],"tags":[],"class_list":["post-16038","post","type-post","status-publish","format-standard","has-post-thumbnail","hentry","category-non-classe"],"_links":{"self":[{"href":"https:\/\/elcafedepipa.com\/index.php\/wp-json\/wp\/v2\/posts\/16038","targetHints":{"allow":["GET"]}}],"collection":[{"href":"https:\/\/elcafedepipa.com\/index.php\/wp-json\/wp\/v2\/posts"}],"about":[{"href":"https:\/\/elcafedepipa.com\/index.php\/wp-json\/wp\/v2\/types\/post"}],"author":[{"embeddable":true,"href":"https:\/\/elcafedepipa.com\/index.php\/wp-json\/wp\/v2\/users\/2"}],"replies":[{"embeddable":true,"href":"https:\/\/elcafedepipa.com\/index.php\/wp-json\/wp\/v2\/comments?post=16038"}],"version-history":[{"count":1,"href":"https:\/\/elcafedepipa.com\/index.php\/wp-json\/wp\/v2\/posts\/16038\/revisions"}],"predecessor-version":[{"id":16041,"href":"https:\/\/elcafedepipa.com\/index.php\/wp-json\/wp\/v2\/posts\/16038\/revisions\/16041"}],"wp:featuredmedia":[{"embeddable":true,"href":"https:\/\/elcafedepipa.com\/index.php\/wp-json\/wp\/v2\/media\/16039"}],"wp:attachment":[{"href":"https:\/\/elcafedepipa.com\/index.php\/wp-json\/wp\/v2\/media?parent=16038"}],"wp:term":[{"taxonomy":"category","embeddable":true,"href":"https:\/\/elcafedepipa.com\/index.php\/wp-json\/wp\/v2\/categories?post=16038"},{"taxonomy":"post_tag","embeddable":true,"href":"https:\/\/elcafedepipa.com\/index.php\/wp-json\/wp\/v2\/tags?post=16038"}],"curies":[{"name":"wp","href":"https:\/\/api.w.org\/{rel}","templated":true}]}}