{"id":16034,"date":"2025-07-29T14:36:33","date_gmt":"2025-07-29T12:36:33","guid":{"rendered":"https:\/\/elcafedepipa.com\/?p=16034"},"modified":"2025-07-29T14:36:35","modified_gmt":"2025-07-29T12:36:35","slug":"nules-obri-les-seues-casetes-per-posar-en-valor-la-seua-facana-litoral","status":"publish","type":"post","link":"https:\/\/elcafedepipa.com\/index.php\/2025\/07\/29\/nules-obri-les-seues-casetes-per-posar-en-valor-la-seua-facana-litoral\/","title":{"rendered":"Nules obri les seues casetes per posar en valor la seua fa\u00e7ana litoral"},"content":{"rendered":"\n<p><strong>Presenta la quarta edici\u00f3 de \u201cCasetes Obertes. El cor de les Platges de Nules\u201d<\/strong><\/p>\n\n\n\n<p>Per quart any consecutiu tindr\u00e0 lloc una nova edici\u00f3 de \u201cCasetes obertes. El cor de les Platges de Nules\u201d, una iniciativa que es posa en marxa amb l\u2019objectiu de posar en valor la fa\u00e7ana litoral de les casetes de primera l\u00ednia de les platges de Nules.<\/p>\n\n\n\n<p>Aix\u00ed, hui s\u2019ha presentat la programaci\u00f3 que es desenvolupar\u00e0 en els pr\u00f2xims dies, i que ha comptat amb la pres\u00e8ncia de l\u2019Alcalde de Nules, David Garc\u00eda, la regidora de Platges i de Cultura, M. Jos\u00e9 Esteban, de la presidenta de la Caixa Rural de Nules, Marisol Ballester, i d\u2019una representaci\u00f3 de l\u2019Associaci\u00f3 Platges de Nules amb Manel Alagarda, Santiago Carregu\u00ed, i Josefina Rosell\u00f3, propiet\u00e0ria d\u2019una de les casetes. Tots ells organitzadors, patrocinadors i col\u00b7laboradors d\u2019aquesta programaci\u00f3.<\/p>\n\n\n\n<p>De manera que, entre les diferents activitats que es portaran a terme els dies 2, 3, 9 &nbsp;i 10 d\u2019agost cal desatacar l\u2019exposici\u00f3 en el marc del reconeixement com a \u201cNucli Hist\u00f2ric Tradicional-B\u00e9 de Rellev\u00e0ncia Local\u201d, figura de protecci\u00f3 patrimonial regulada per la Llei de Patrimoni Cultural Valenci\u00e0, que es podr\u00e0 visitar per tota la fa\u00e7ana hist\u00f2rica de la poblaci\u00f3 mar\u00edtima des de dissabte 2 fins diumenge 31 d\u2019agost.<\/p>\n\n\n\n<p>Aix\u00ed mateix, diumenge, 3 d\u2019agost,&nbsp; hi haur\u00e0 una visita guiada anomenada \u201cDescobrim Villa Rosario\u201d i un taller did\u00e0ctic dirigit al p\u00fablic infantil i familiar \u201cTot cos sona vora mar\u201d amb Enric Piz\u00e0.&nbsp;<\/p>\n\n\n\n<p>Per altra banda, els dies 9 i 10 d\u2019agost la programaci\u00f3 estar\u00e0 dedicada a la literatura i a la creativitat, en concret dissabte, 9 d\u2019agost, l\u2019escriptora Mar\u00eda Frisa i el Club de Lectura Cosas&amp;Musas protagonitzaran aquesta jornada amb diferents activitats; i diumenge, 10 d\u2019agost, hi haur\u00e0 una trobada de Sketchers i<\/p>\n\n\n\n<p>l\u2019activitat&nbsp; \u201cDibuixem les casetes\u201d, a m\u00e9s dels ja tradicionals &nbsp;Premis Blav\u00f3 de dibuix i pintura infantil i juvenil.<\/p>\n\n\n\n<p>Tamb\u00e9 hi haur\u00e0 una visita guiada \u201cDescobrim les villes\u201d, i m\u00fasica en directe amb el concert de Laia Piz\u00e0 \u201cNo s\u00e9 escriure can\u00e7ons\u201d.<\/p>\n\n\n\n<p>De fet, tant la programaci\u00f3 com l\u2019enlla\u00e7 per a la inscripci\u00f3 pr\u00e8via a les activitats amb places limitades es poden trobar a les xarxes socials de l\u2019Associaci\u00f3 Platges de Nules.<\/p>\n\n\n\n<p><\/p>\n","protected":false},"excerpt":{"rendered":"<p>Presenta la quarta edici\u00f3 de \u201cCasetes Obertes. El cor de les Platges de Nules\u201d Per quart any consecutiu tindr\u00e0 lloc una nova edici\u00f3 de \u201cCasetes obertes. El cor de les Platges de Nules\u201d, una iniciativa que es posa en marxa amb l\u2019objectiu de posar en valor la fa\u00e7ana litoral de les casetes de primera l\u00ednia &#8230; <a title=\"Nules obri les seues casetes per posar en valor la seua fa\u00e7ana litoral\" class=\"read-more\" href=\"https:\/\/elcafedepipa.com\/index.php\/2025\/07\/29\/nules-obri-les-seues-casetes-per-posar-en-valor-la-seua-facana-litoral\/\" aria-label=\"M\u00e9s informaci\u00f3 sobre Nules obri les seues casetes per posar en valor la seua fa\u00e7ana litoral\">Read more<\/a><\/p>\n","protected":false},"author":2,"featured_media":16036,"comment_status":"closed","ping_status":"closed","sticky":false,"template":"","format":"standard","meta":{"om_disable_all_campaigns":false,"_monsterinsights_skip_tracking":false,"_monsterinsights_sitenote_active":false,"_monsterinsights_sitenote_note":"","_monsterinsights_sitenote_category":0,"_uf_show_specific_survey":0,"_uf_disable_surveys":false,"footnotes":""},"categories":[3],"tags":[],"class_list":["post-16034","post","type-post","status-publish","format-standard","has-post-thumbnail","hentry","category-nules"],"_links":{"self":[{"href":"https:\/\/elcafedepipa.com\/index.php\/wp-json\/wp\/v2\/posts\/16034","targetHints":{"allow":["GET"]}}],"collection":[{"href":"https:\/\/elcafedepipa.com\/index.php\/wp-json\/wp\/v2\/posts"}],"about":[{"href":"https:\/\/elcafedepipa.com\/index.php\/wp-json\/wp\/v2\/types\/post"}],"author":[{"embeddable":true,"href":"https:\/\/elcafedepipa.com\/index.php\/wp-json\/wp\/v2\/users\/2"}],"replies":[{"embeddable":true,"href":"https:\/\/elcafedepipa.com\/index.php\/wp-json\/wp\/v2\/comments?post=16034"}],"version-history":[{"count":1,"href":"https:\/\/elcafedepipa.com\/index.php\/wp-json\/wp\/v2\/posts\/16034\/revisions"}],"predecessor-version":[{"id":16037,"href":"https:\/\/elcafedepipa.com\/index.php\/wp-json\/wp\/v2\/posts\/16034\/revisions\/16037"}],"wp:featuredmedia":[{"embeddable":true,"href":"https:\/\/elcafedepipa.com\/index.php\/wp-json\/wp\/v2\/media\/16036"}],"wp:attachment":[{"href":"https:\/\/elcafedepipa.com\/index.php\/wp-json\/wp\/v2\/media?parent=16034"}],"wp:term":[{"taxonomy":"category","embeddable":true,"href":"https:\/\/elcafedepipa.com\/index.php\/wp-json\/wp\/v2\/categories?post=16034"},{"taxonomy":"post_tag","embeddable":true,"href":"https:\/\/elcafedepipa.com\/index.php\/wp-json\/wp\/v2\/tags?post=16034"}],"curies":[{"name":"wp","href":"https:\/\/api.w.org\/{rel}","templated":true}]}}