{"id":16012,"date":"2025-07-29T13:52:56","date_gmt":"2025-07-29T11:52:56","guid":{"rendered":"https:\/\/elcafedepipa.com\/?p=16012"},"modified":"2025-07-29T13:52:57","modified_gmt":"2025-07-29T11:52:57","slug":"lajuntament-de-la-vall-duixo-demana-responsabilitats-a-lantiga-empresa-stylsaf-per-la-fuga-de-gasos-al-barri-toledo","status":"publish","type":"post","link":"https:\/\/elcafedepipa.com\/index.php\/2025\/07\/29\/lajuntament-de-la-vall-duixo-demana-responsabilitats-a-lantiga-empresa-stylsaf-per-la-fuga-de-gasos-al-barri-toledo\/","title":{"rendered":"L\u2019Ajuntament de la Vall d\u2019Uix\u00f3 demana responsabilitats a l\u2019antiga empresa Stylsaf per la fuga de gasos al barri Toledo"},"content":{"rendered":"\n<p><strong><br><\/strong><strong>El divendres es va retirar un dip\u00f2sit vandalitzat i s\u2019insta als \u00faltims propietaris a complir amb la llei i desmantellar les instal\u00b7lacions<\/strong><strong><\/strong><\/p>\n\n\n\n<p>Davant els episodis d\u2019olors registrats durant els \u00faltims dies al barri Toledo, l\u2019Ajuntament de la Vall d\u2019Uix\u00f3 ha actuat des del primer moment per a identificar l\u2019origen i posar soluci\u00f3 a esta mol\u00e8stia per a la ciutadania. El dimecres passat la Policia Local va rebre diversos avisos per olors, i el mateix dia Bombers i Policia Local van intervenir a la zona, localitzant una fuga de gasos en un antic dep\u00f2sit situat dins de les instal\u00b7lacions de l\u2019antiga empresa Stylsaf, causada per un acte vand\u00e0lic.<\/p>\n\n\n\n<p>Tot i que segons els informes t\u00e8cnics la fuga no representa cap perill per a la salut de la poblaci\u00f3, s\u00ed que ha generat mol\u00e8sties al ve\u00efnat. Per aix\u00f2, amb car\u00e0cter d\u2019urg\u00e8ncia i en una actuaci\u00f3 r\u00e0pida, divendres es va retirar el dip\u00f2sit afectat per part d\u2019una empresa especialitzada, amb l\u2019objectiu de frenar la situaci\u00f3. Tot i aix\u00f2, durant el cap de setmana es van tornar a rebre nous avisos per males olors a la mateixa zona.<\/p>\n\n\n\n<p>L\u2019Ajuntament ha constatat que dins del per\u00edmetre de l\u2019antiga f\u00e0brica hi ha altres residus industrials, i ha rem\u00e9s els informes t\u00e8cnics a la Conselleria de Medi Ambient perqu\u00e8 actue dins de les seues atribucions i compet\u00e8ncies. Tamb\u00e9 s\u2019ha traslladat la situaci\u00f3 al SEPRONA, el servei de la Gu\u00e0rdia Civil encarregat de la protecci\u00f3 del medi ambient i dels abocaments il\u00b7legals.<\/p>\n\n\n\n<p>El regidor de Medi Ambient, Marc Seguer, ha lamentat que l\u2019antiga propietat de Stylsaf no desmantellara les instal\u00b7lacions quan va cessar l\u2019activitat, i ha denunciat que es tracta d\u2019un cas m\u00e9s de \u201cla manca de control i responsabilitat amb qu\u00e8 algunes empreses abandonen les seues instal\u00b7lacions, deixant problemes ambientals que acaben assumint les administracions p\u00fabliques\u201d. Aix\u00ed mateix, ha reivindicat que \u201cla llei estableix que els \u00faltims administradors d\u2019estes empreses han d\u2019assumir responsabilitats\u201d.<\/p>\n\n\n\n<p>Seguer ha assegurat que \u201cdes de l\u2019Ajuntament s\u2019estan fent totes les gestions possibles per protegir la ciutadania i el medi ambient, treballant conjuntament amb altres cossos de seguretat i amb la Conselleria per trobar solucions definitives\u201d. En este sentit, s\u2019insta l\u2019antiga propietat a garantir la seguretat de les instal\u00b7lacions, a retirar els residus existents i a impedir que es repetisquen actes vand\u00e0lics.<\/p>\n\n\n\n<p>Finalment, el regidor ha denunciat que este tipus de situacions \u201cgenera indefensi\u00f3 en la ciutadania i en els ajuntaments\u201d, ja que moltes d\u2019estes empreses desapareixen sense fer-se c\u00e0rrec de les conseq\u00fc\u00e8ncies ambientals del seu tancament. \u201c\u00c9s una sensaci\u00f3 d\u2019impunitat que no podem tolerar i cal exigir responsabilitats\u201d, ha remarcat.<\/p>\n\n\n\n<figure class=\"wp-block-image size-large\"><img fetchpriority=\"high\" decoding=\"async\" width=\"1024\" height=\"768\" src=\"https:\/\/elcafedepipa.com\/wp-content\/uploads\/2025\/07\/Diposit-retirat-divendres-1024x768.jpeg\" alt=\"\" class=\"wp-image-16014\" srcset=\"https:\/\/elcafedepipa.com\/wp-content\/uploads\/2025\/07\/Diposit-retirat-divendres-1024x768.jpeg 1024w, https:\/\/elcafedepipa.com\/wp-content\/uploads\/2025\/07\/Diposit-retirat-divendres-300x225.jpeg 300w, https:\/\/elcafedepipa.com\/wp-content\/uploads\/2025\/07\/Diposit-retirat-divendres-768x576.jpeg 768w, https:\/\/elcafedepipa.com\/wp-content\/uploads\/2025\/07\/Diposit-retirat-divendres-1536x1152.jpeg 1536w, https:\/\/elcafedepipa.com\/wp-content\/uploads\/2025\/07\/Diposit-retirat-divendres.jpeg 1600w\" sizes=\"(max-width: 1024px) 100vw, 1024px\" \/><\/figure>\n","protected":false},"excerpt":{"rendered":"<p>El divendres es va retirar un dip\u00f2sit vandalitzat i s\u2019insta als \u00faltims propietaris a complir amb la llei i desmantellar les instal\u00b7lacions Davant els episodis d\u2019olors registrats durant els \u00faltims dies al barri Toledo, l\u2019Ajuntament de la Vall d\u2019Uix\u00f3 ha actuat des del primer moment per a identificar l\u2019origen i posar soluci\u00f3 a esta mol\u00e8stia &#8230; <a title=\"L\u2019Ajuntament de la Vall d\u2019Uix\u00f3 demana responsabilitats a l\u2019antiga empresa Stylsaf per la fuga de gasos al barri Toledo\" class=\"read-more\" href=\"https:\/\/elcafedepipa.com\/index.php\/2025\/07\/29\/lajuntament-de-la-vall-duixo-demana-responsabilitats-a-lantiga-empresa-stylsaf-per-la-fuga-de-gasos-al-barri-toledo\/\" aria-label=\"M\u00e9s informaci\u00f3 sobre L\u2019Ajuntament de la Vall d\u2019Uix\u00f3 demana responsabilitats a l\u2019antiga empresa Stylsaf per la fuga de gasos al barri Toledo\">Read more<\/a><\/p>\n","protected":false},"author":2,"featured_media":16013,"comment_status":"closed","ping_status":"closed","sticky":false,"template":"","format":"standard","meta":{"om_disable_all_campaigns":false,"_monsterinsights_skip_tracking":false,"_monsterinsights_sitenote_active":false,"_monsterinsights_sitenote_note":"","_monsterinsights_sitenote_category":0,"_uf_show_specific_survey":0,"_uf_disable_surveys":false,"footnotes":""},"categories":[1],"tags":[],"class_list":["post-16012","post","type-post","status-publish","format-standard","has-post-thumbnail","hentry","category-non-classe"],"_links":{"self":[{"href":"https:\/\/elcafedepipa.com\/index.php\/wp-json\/wp\/v2\/posts\/16012","targetHints":{"allow":["GET"]}}],"collection":[{"href":"https:\/\/elcafedepipa.com\/index.php\/wp-json\/wp\/v2\/posts"}],"about":[{"href":"https:\/\/elcafedepipa.com\/index.php\/wp-json\/wp\/v2\/types\/post"}],"author":[{"embeddable":true,"href":"https:\/\/elcafedepipa.com\/index.php\/wp-json\/wp\/v2\/users\/2"}],"replies":[{"embeddable":true,"href":"https:\/\/elcafedepipa.com\/index.php\/wp-json\/wp\/v2\/comments?post=16012"}],"version-history":[{"count":1,"href":"https:\/\/elcafedepipa.com\/index.php\/wp-json\/wp\/v2\/posts\/16012\/revisions"}],"predecessor-version":[{"id":16015,"href":"https:\/\/elcafedepipa.com\/index.php\/wp-json\/wp\/v2\/posts\/16012\/revisions\/16015"}],"wp:featuredmedia":[{"embeddable":true,"href":"https:\/\/elcafedepipa.com\/index.php\/wp-json\/wp\/v2\/media\/16013"}],"wp:attachment":[{"href":"https:\/\/elcafedepipa.com\/index.php\/wp-json\/wp\/v2\/media?parent=16012"}],"wp:term":[{"taxonomy":"category","embeddable":true,"href":"https:\/\/elcafedepipa.com\/index.php\/wp-json\/wp\/v2\/categories?post=16012"},{"taxonomy":"post_tag","embeddable":true,"href":"https:\/\/elcafedepipa.com\/index.php\/wp-json\/wp\/v2\/tags?post=16012"}],"curies":[{"name":"wp","href":"https:\/\/api.w.org\/{rel}","templated":true}]}}