{"id":16008,"date":"2025-07-29T13:21:35","date_gmt":"2025-07-29T11:21:35","guid":{"rendered":"https:\/\/elcafedepipa.com\/?p=16008"},"modified":"2025-07-29T13:21:36","modified_gmt":"2025-07-29T11:21:36","slug":"el-pspv-acusa-el-pp-dasfixiar-els-ajuntaments-en-tallar-el-financament-dels-serveis-socials-i-forcar-los-a-assumir-els-costos-de-competencies-que-son-autonomiques","status":"publish","type":"post","link":"https:\/\/elcafedepipa.com\/index.php\/2025\/07\/29\/el-pspv-acusa-el-pp-dasfixiar-els-ajuntaments-en-tallar-el-financament-dels-serveis-socials-i-forcar-los-a-assumir-els-costos-de-competencies-que-son-autonomiques\/","title":{"rendered":"El PSPV acusa el PP \u201cd\u2019asfixiar\u201d els ajuntaments en tallar el finan\u00e7ament dels serveis socials i for\u00e7ar-los a assumir els costos de compet\u00e8ncies que s\u00f3n auton\u00f2miques"},"content":{"rendered":"\n<p>El PSPV-PSOE ha acusat aquest dimarts a Carlos Maz\u00f3n i a la vicepresidenta i consellera de Serveis Socials, Susana Camarero, de posar en perill el sistema p\u00fablic de serveis socials en deixar caducar el contracte programa amb els ajuntaments i deure\u2019ls milions d&#8217;euros, obligant les administracions locals a avan\u00e7ar els diners per a evitar la paralitzaci\u00f3, i fins i tot la desaparici\u00f3, de prestacions b\u00e0siques.<\/p>\n\n\n\n<p>La coportaveu socialista de Serveis Socials a les Corts, Silvia G\u00f3mez, ha denunciat que el Consell del PP no ha renovat ni abonat a data de hui el conveni de finan\u00e7ament dels serveis socials amb bona part dels ajuntaments i mancomunitats, tot i que va v\u00e9ncer el passat 31 de desembre de 2024. \u201cSabien perfectament quan caducava l\u2019acord i no han fet res per renovar-lo. La seua neglig\u00e8ncia ha creat un gran problema als ajuntaments, que en alguns casos s\u2019han vist obligats a acomiadar personal o tancar serveis\u201d, ha lamentat.<\/p>\n\n\n\n<p>G\u00f3mez ha denunciat que \u201cels ajuntaments estan modificant els seus pressupostos per a assumir despeses que no ens corresponen per llei\u201d. I els que no poden, \u201chan quedat abocats a fer retallades directes en prestacions com ara l\u2019atenci\u00f3 domicili\u00e0ria, el servei \u2018menjar a casa\u2019, els programes de depend\u00e8ncia o la plantilla de professionals dels serveis socials d\u2019atenci\u00f3 prim\u00e0ria\u201d. \u201cEns tornen al passat, a una concepci\u00f3 assistencialista dels serveis socials com si foren caritat, oblidant-se de les persones m\u00e9s vulnerables, que s\u00f3n les que m\u00e9s necessiten all\u00f2 p\u00fablic per poder tindre una vida digna\u201d, ha criticat.<\/p>\n\n\n\n<p>\u201cDavant un Consell que no sabem a qu\u00e8 juga, els ajuntaments i les mancomunitats estem complint amb els nostres ve\u00efns i ve\u00efnes, garantint els serveis i evitant que cap persona usu\u00e0ria es quede sense atenci\u00f3\u201d, ha defensat G\u00f3mez, qui ha exigit a Maz\u00f3n que pague \u201cja\u201d i done \u201cuna soluci\u00f3 immediata a un problema que hauria d\u2019haver-se resolt fa mesos\u201d.<\/p>\n","protected":false},"excerpt":{"rendered":"<p>El PSPV-PSOE ha acusat aquest dimarts a Carlos Maz\u00f3n i a la vicepresidenta i consellera de Serveis Socials, Susana Camarero, de posar en perill el sistema p\u00fablic de serveis socials en deixar caducar el contracte programa amb els ajuntaments i deure\u2019ls milions d&#8217;euros, obligant les administracions locals a avan\u00e7ar els diners per a evitar la &#8230; <a title=\"El PSPV acusa el PP \u201cd\u2019asfixiar\u201d els ajuntaments en tallar el finan\u00e7ament dels serveis socials i for\u00e7ar-los a assumir els costos de compet\u00e8ncies que s\u00f3n auton\u00f2miques\" class=\"read-more\" href=\"https:\/\/elcafedepipa.com\/index.php\/2025\/07\/29\/el-pspv-acusa-el-pp-dasfixiar-els-ajuntaments-en-tallar-el-financament-dels-serveis-socials-i-forcar-los-a-assumir-els-costos-de-competencies-que-son-autonomiques\/\" aria-label=\"M\u00e9s informaci\u00f3 sobre El PSPV acusa el PP \u201cd\u2019asfixiar\u201d els ajuntaments en tallar el finan\u00e7ament dels serveis socials i for\u00e7ar-los a assumir els costos de compet\u00e8ncies que s\u00f3n auton\u00f2miques\">Read more<\/a><\/p>\n","protected":false},"author":2,"featured_media":16010,"comment_status":"closed","ping_status":"closed","sticky":false,"template":"","format":"standard","meta":{"om_disable_all_campaigns":false,"_monsterinsights_skip_tracking":false,"_monsterinsights_sitenote_active":false,"_monsterinsights_sitenote_note":"","_monsterinsights_sitenote_category":0,"_uf_show_specific_survey":0,"_uf_disable_surveys":false,"footnotes":""},"categories":[10],"tags":[],"class_list":["post-16008","post","type-post","status-publish","format-standard","has-post-thumbnail","hentry","category-provinciadecastello"],"_links":{"self":[{"href":"https:\/\/elcafedepipa.com\/index.php\/wp-json\/wp\/v2\/posts\/16008","targetHints":{"allow":["GET"]}}],"collection":[{"href":"https:\/\/elcafedepipa.com\/index.php\/wp-json\/wp\/v2\/posts"}],"about":[{"href":"https:\/\/elcafedepipa.com\/index.php\/wp-json\/wp\/v2\/types\/post"}],"author":[{"embeddable":true,"href":"https:\/\/elcafedepipa.com\/index.php\/wp-json\/wp\/v2\/users\/2"}],"replies":[{"embeddable":true,"href":"https:\/\/elcafedepipa.com\/index.php\/wp-json\/wp\/v2\/comments?post=16008"}],"version-history":[{"count":1,"href":"https:\/\/elcafedepipa.com\/index.php\/wp-json\/wp\/v2\/posts\/16008\/revisions"}],"predecessor-version":[{"id":16011,"href":"https:\/\/elcafedepipa.com\/index.php\/wp-json\/wp\/v2\/posts\/16008\/revisions\/16011"}],"wp:featuredmedia":[{"embeddable":true,"href":"https:\/\/elcafedepipa.com\/index.php\/wp-json\/wp\/v2\/media\/16010"}],"wp:attachment":[{"href":"https:\/\/elcafedepipa.com\/index.php\/wp-json\/wp\/v2\/media?parent=16008"}],"wp:term":[{"taxonomy":"category","embeddable":true,"href":"https:\/\/elcafedepipa.com\/index.php\/wp-json\/wp\/v2\/categories?post=16008"},{"taxonomy":"post_tag","embeddable":true,"href":"https:\/\/elcafedepipa.com\/index.php\/wp-json\/wp\/v2\/tags?post=16008"}],"curies":[{"name":"wp","href":"https:\/\/api.w.org\/{rel}","templated":true}]}}