{"id":16005,"date":"2025-07-29T11:48:30","date_gmt":"2025-07-29T09:48:30","guid":{"rendered":"https:\/\/elcafedepipa.com\/?p=16005"},"modified":"2025-07-29T11:48:31","modified_gmt":"2025-07-29T09:48:31","slug":"la-generalitat-dona-llum-verda-al-projecte-del-ceip-assumpcio-i-el-pp-demana-a-banos-agilitzar-les-obres-que-havien-dhaver-comencat-fa-un-any","status":"publish","type":"post","link":"https:\/\/elcafedepipa.com\/index.php\/2025\/07\/29\/la-generalitat-dona-llum-verda-al-projecte-del-ceip-assumpcio-i-el-pp-demana-a-banos-agilitzar-les-obres-que-havien-dhaver-comencat-fa-un-any\/","title":{"rendered":"La Generalitat dona llum verda al projecte del CEIP Assumpci\u00f3 i el PP demana a Ba\u00f1os agilitzar les obres que havien d&#8217;haver comen\u00e7at fa un any"},"content":{"rendered":"\n<p>La Conselleria d&#8217;Educaci\u00f3 ha avalat la tramitaci\u00f3 del projecte de construcci\u00f3 del nou col\u00b7legi La Asunci\u00f3n de la Vall d&#8217;Uix\u00f3. El tr\u00e0mit es produ\u00efx despr\u00e9s que la Generalitat Valenciana revisara l&#8217;expedient davant els retards de l&#8217;Ajuntament de la Vall d&#8217;Uix\u00f3 en la seua execuci\u00f3, una compet\u00e8ncia assumida en 2023.<\/p>\n\n\n\n<p>&#8220;Este projecte hauria d&#8217;haver comen\u00e7at a executar-se a mitjan any 2024. Han sigut precisament els retards els que han obligat a la Generalitat Valenciana a fiscalitzar la gesti\u00f3 d&#8217;este&#8221;. Herminio Serra portaveu del PP a la Vall d&#8217;Uix\u00f3, al costat de Mar\u00eda Jos\u00e9 Aragon\u00e9s, regidora del PP, han comparegut hui dilluns per a demanar a l&#8217;alcaldessa socialista Tania Ba\u00f1os que es pose a treballar. \u201cSecundem plenament les reivindicacions de la comunitat educativa. I per aix\u00f2 demanem a l&#8217;alcaldessa que complisca el seu pla d&#8217;obres que ja acumula un any de retard\u201d.<\/p>\n\n\n\n<p>La delegaci\u00f3 de les obres a l&#8217;Ajuntament de La Vall d&#8217;Uix\u00f3 es va autoritzar l&#8217;any 2023, pel llavors govern de Partit Socialista i Comprom\u00eds, al capdavant de la Generalitat. Segons el pla d&#8217;obres el projecte hauria d&#8217;haver comen\u00e7at a executar-se a mitjan any 2024. En l&#8217;actualitat seguix sense iniciar-se l&#8217;obra.<\/p>\n\n\n\n<p>Esta circumst\u00e0ncia ha motivat la fiscalitzaci\u00f3 de l&#8217;expedient per part de la Conselleria d&#8217;Educaci\u00f3. &#8220;Una vegada revisada l&#8217;obra i avalada, el que ha de fer l&#8217;alcaldessa \u00e9s posar-se a treballar perqu\u00e8 la seua carrera pol\u00edtica sembla ser l&#8217;\u00fanica prioritat. Mentres, alumnes i fam\u00edlies continuen esperant la posada en marxa d&#8217;unes obres que Tania Ba\u00f1os \u00e9s incapa\u00e7 d&#8217;iniciar&#8221;, ha declarat Aragon\u00e9s.<\/p>\n\n\n\n<p><strong>Un pati apuntalat des de 2020<\/strong><\/p>\n\n\n\n<p>Per part seua, Serra demana a l&#8217;alcaldessa que se centre en l&#8217;urgent i es comprometa a no provocar m\u00e9s retards. &#8220;Nosaltres continuarem fiscalitzant la seua gesti\u00f3 en defensa dels interessos dels ve\u00efns del municipi. Com vam fer quan ens reunim amb el director general d&#8217;Infraestructures Educatives, Jos\u00e9 Mar\u00eda Larena, interessant-nos per la informaci\u00f3 relativa a este expedient i la seguretat del centre actual, apuntalat des de l&#8217;any 2020. El que no va ser una prioritat per al Govern de PSOE i Comprom\u00eds ni tampoc per a Tania Ba\u00f1os, s\u00ed que ho \u00e9s per a nosaltres. Volem que el col\u00b7legi La Asunci\u00f3n comence a executar-se com m\u00e9s prompte millor&#8221;, ha concl\u00f2s Serra.<\/p>\n\n\n\n<p><\/p>\n","protected":false},"excerpt":{"rendered":"<p>La Conselleria d&#8217;Educaci\u00f3 ha avalat la tramitaci\u00f3 del projecte de construcci\u00f3 del nou col\u00b7legi La Asunci\u00f3n de la Vall d&#8217;Uix\u00f3. El tr\u00e0mit es produ\u00efx despr\u00e9s que la Generalitat Valenciana revisara l&#8217;expedient davant els retards de l&#8217;Ajuntament de la Vall d&#8217;Uix\u00f3 en la seua execuci\u00f3, una compet\u00e8ncia assumida en 2023. &#8220;Este projecte hauria d&#8217;haver comen\u00e7at a &#8230; <a title=\"La Generalitat dona llum verda al projecte del CEIP Assumpci\u00f3 i el PP demana a Ba\u00f1os agilitzar les obres que havien d&#8217;haver comen\u00e7at fa un any\" class=\"read-more\" href=\"https:\/\/elcafedepipa.com\/index.php\/2025\/07\/29\/la-generalitat-dona-llum-verda-al-projecte-del-ceip-assumpcio-i-el-pp-demana-a-banos-agilitzar-les-obres-que-havien-dhaver-comencat-fa-un-any\/\" aria-label=\"M\u00e9s informaci\u00f3 sobre La Generalitat dona llum verda al projecte del CEIP Assumpci\u00f3 i el PP demana a Ba\u00f1os agilitzar les obres que havien d&#8217;haver comen\u00e7at fa un any\">Read more<\/a><\/p>\n","protected":false},"author":2,"featured_media":16006,"comment_status":"closed","ping_status":"closed","sticky":false,"template":"","format":"standard","meta":{"om_disable_all_campaigns":false,"_monsterinsights_skip_tracking":false,"_monsterinsights_sitenote_active":false,"_monsterinsights_sitenote_note":"","_monsterinsights_sitenote_category":0,"_uf_show_specific_survey":0,"_uf_disable_surveys":false,"footnotes":""},"categories":[1],"tags":[],"class_list":["post-16005","post","type-post","status-publish","format-standard","has-post-thumbnail","hentry","category-non-classe"],"_links":{"self":[{"href":"https:\/\/elcafedepipa.com\/index.php\/wp-json\/wp\/v2\/posts\/16005","targetHints":{"allow":["GET"]}}],"collection":[{"href":"https:\/\/elcafedepipa.com\/index.php\/wp-json\/wp\/v2\/posts"}],"about":[{"href":"https:\/\/elcafedepipa.com\/index.php\/wp-json\/wp\/v2\/types\/post"}],"author":[{"embeddable":true,"href":"https:\/\/elcafedepipa.com\/index.php\/wp-json\/wp\/v2\/users\/2"}],"replies":[{"embeddable":true,"href":"https:\/\/elcafedepipa.com\/index.php\/wp-json\/wp\/v2\/comments?post=16005"}],"version-history":[{"count":1,"href":"https:\/\/elcafedepipa.com\/index.php\/wp-json\/wp\/v2\/posts\/16005\/revisions"}],"predecessor-version":[{"id":16007,"href":"https:\/\/elcafedepipa.com\/index.php\/wp-json\/wp\/v2\/posts\/16005\/revisions\/16007"}],"wp:featuredmedia":[{"embeddable":true,"href":"https:\/\/elcafedepipa.com\/index.php\/wp-json\/wp\/v2\/media\/16006"}],"wp:attachment":[{"href":"https:\/\/elcafedepipa.com\/index.php\/wp-json\/wp\/v2\/media?parent=16005"}],"wp:term":[{"taxonomy":"category","embeddable":true,"href":"https:\/\/elcafedepipa.com\/index.php\/wp-json\/wp\/v2\/categories?post=16005"},{"taxonomy":"post_tag","embeddable":true,"href":"https:\/\/elcafedepipa.com\/index.php\/wp-json\/wp\/v2\/tags?post=16005"}],"curies":[{"name":"wp","href":"https:\/\/api.w.org\/{rel}","templated":true}]}}