{"id":15998,"date":"2025-07-28T15:01:32","date_gmt":"2025-07-28T13:01:32","guid":{"rendered":"https:\/\/elcafedepipa.com\/?p=15998"},"modified":"2025-07-28T15:01:32","modified_gmt":"2025-07-28T13:01:32","slug":"nules-millorara-quatre-dels-seus-poligons-industrials-amb-una-inversio-de-quasi-un-milio-deuros","status":"publish","type":"post","link":"https:\/\/elcafedepipa.com\/index.php\/2025\/07\/28\/nules-millorara-quatre-dels-seus-poligons-industrials-amb-una-inversio-de-quasi-un-milio-deuros\/","title":{"rendered":"Nules millorar\u00e0 quatre dels seus pol\u00edgons industrials amb una inversi\u00f3 de quasi un mili\u00f3 d\u2019euros"},"content":{"rendered":"\n<p><strong>Rep les ajudes de l\u2019IVACE emmarcades en el Programa de Millora d\u2019Infraestructures de Parcs Empresarials<\/strong><\/p>\n\n\n\n<p>L\u2019Ajuntament de Nules rebr\u00e0 un import total de 965.500 euros per a la millora, modernitzaci\u00f3 i dotaci\u00f3 d\u2019infraestructures i serveis &nbsp;de quatre dels seus pol\u00edgons industrials, en concret dels pol\u00edgons industrials de Senda Mitjana, Polar, Cardanelles, i la Mina sector 2.<\/p>\n\n\n\n<p>Aquesta inversi\u00f3, que portar\u00e0 a terme el consistori durant els exercicis 2025 i 2026, s\u2019emmarca en el Programa de Millora d\u2019Infraestructures de Parcs Empresarials que promou l\u2019Institut Valenci\u00e0 de Competitivitat Empresarial (IVACE) de la Generalitat Valenciana.&nbsp;<\/p>\n\n\n\n<p>De fet, el regidor d\u2019Ind\u00fastria, C\u00e9sar Esta\u00f1ol, comenta que Nules comptar\u00e0 amb quasi un mili\u00f3 d\u2019euros \u201cuna quantitat molt important que permetr\u00e0 millorar aquests quatre pol\u00edgons industrials, de manera que en breu els t\u00e8cnics comen\u00e7aran a treballar en la redacci\u00f3 dels projectes per a poder licitar les obres i comen\u00e7ar el m\u00e9s aviat possible les diferents actuacions\u201d.<\/p>\n\n\n\n<p>En concret, al pol\u00edgon industrial de Senda Mitjana es portar\u00e0 a terme un projecte de millora d\u2019infraestructures amb un pressupost de 335.500 euros, i que contemplar\u00e0 la millora de la mobilitat urbana, la instal\u00b7laci\u00f3 de c\u00e0meres de videovigil\u00e0ncia, a m\u00e9s tamb\u00e9 de la millora vi\u00e0ria amb accessos segurs amb nova senyalitzaci\u00f3, i millora de la xarxa de sanejament d\u2019aig\u00fces residuals.<\/p>\n\n\n\n<p>Per altra banda, tamb\u00e9 s\u2019executar\u00e0 el projecte de millora del pol\u00edgon industrial Polar amb una quantia total de 214.000 euros. Aix\u00ed, entre les actuacions previstes es troba la instal\u00b7laci\u00f3 de c\u00e0meres de videovigil\u00e0ncia, la millora de l\u2019enllumenat p\u00fablic, i de les zones verdes.<\/p>\n\n\n\n<p>Es faran tamb\u00e9 actuacions al pol\u00edgon industrial Cardanelles, on es vol, entre d\u2019altres, millorar la mobilitat urbana, o millorar tamb\u00e9 els vials, aix\u00ed mateix es vol instal\u00b7lar c\u00e0meres de viodevigil\u00e0ncia. Aquestes actuacions comptaran amb una&nbsp; dotaci\u00f3 econ\u00f2mica de l\u2019IVACE de 116.000 euros &nbsp;<\/p>\n\n\n\n<p>Per \u00faltim, en el pol\u00edgon industrial la Mina sector 2 s\u2019invertir\u00e0 300.000 euros en diferents actuacions com ara la millora de la vigil\u00e0ncia, del transport p\u00fablic, millora vi\u00e0ria, del sanejament d\u2019aig\u00fces residuals o del subministrament d\u2019aigua.<\/p>\n","protected":false},"excerpt":{"rendered":"<p>Rep les ajudes de l\u2019IVACE emmarcades en el Programa de Millora d\u2019Infraestructures de Parcs Empresarials L\u2019Ajuntament de Nules rebr\u00e0 un import total de 965.500 euros per a la millora, modernitzaci\u00f3 i dotaci\u00f3 d\u2019infraestructures i serveis &nbsp;de quatre dels seus pol\u00edgons industrials, en concret dels pol\u00edgons industrials de Senda Mitjana, Polar, Cardanelles, i la Mina sector &#8230; <a title=\"Nules millorar\u00e0 quatre dels seus pol\u00edgons industrials amb una inversi\u00f3 de quasi un mili\u00f3 d\u2019euros\" class=\"read-more\" href=\"https:\/\/elcafedepipa.com\/index.php\/2025\/07\/28\/nules-millorara-quatre-dels-seus-poligons-industrials-amb-una-inversio-de-quasi-un-milio-deuros\/\" aria-label=\"M\u00e9s informaci\u00f3 sobre Nules millorar\u00e0 quatre dels seus pol\u00edgons industrials amb una inversi\u00f3 de quasi un mili\u00f3 d\u2019euros\">Read more<\/a><\/p>\n","protected":false},"author":2,"featured_media":15999,"comment_status":"closed","ping_status":"closed","sticky":false,"template":"","format":"standard","meta":{"om_disable_all_campaigns":false,"_monsterinsights_skip_tracking":false,"_monsterinsights_sitenote_active":false,"_monsterinsights_sitenote_note":"","_monsterinsights_sitenote_category":0,"_uf_show_specific_survey":0,"_uf_disable_surveys":false,"footnotes":""},"categories":[3],"tags":[],"class_list":["post-15998","post","type-post","status-publish","format-standard","has-post-thumbnail","hentry","category-nules"],"_links":{"self":[{"href":"https:\/\/elcafedepipa.com\/index.php\/wp-json\/wp\/v2\/posts\/15998","targetHints":{"allow":["GET"]}}],"collection":[{"href":"https:\/\/elcafedepipa.com\/index.php\/wp-json\/wp\/v2\/posts"}],"about":[{"href":"https:\/\/elcafedepipa.com\/index.php\/wp-json\/wp\/v2\/types\/post"}],"author":[{"embeddable":true,"href":"https:\/\/elcafedepipa.com\/index.php\/wp-json\/wp\/v2\/users\/2"}],"replies":[{"embeddable":true,"href":"https:\/\/elcafedepipa.com\/index.php\/wp-json\/wp\/v2\/comments?post=15998"}],"version-history":[{"count":1,"href":"https:\/\/elcafedepipa.com\/index.php\/wp-json\/wp\/v2\/posts\/15998\/revisions"}],"predecessor-version":[{"id":16000,"href":"https:\/\/elcafedepipa.com\/index.php\/wp-json\/wp\/v2\/posts\/15998\/revisions\/16000"}],"wp:featuredmedia":[{"embeddable":true,"href":"https:\/\/elcafedepipa.com\/index.php\/wp-json\/wp\/v2\/media\/15999"}],"wp:attachment":[{"href":"https:\/\/elcafedepipa.com\/index.php\/wp-json\/wp\/v2\/media?parent=15998"}],"wp:term":[{"taxonomy":"category","embeddable":true,"href":"https:\/\/elcafedepipa.com\/index.php\/wp-json\/wp\/v2\/categories?post=15998"},{"taxonomy":"post_tag","embeddable":true,"href":"https:\/\/elcafedepipa.com\/index.php\/wp-json\/wp\/v2\/tags?post=15998"}],"curies":[{"name":"wp","href":"https:\/\/api.w.org\/{rel}","templated":true}]}}