{"id":15991,"date":"2025-07-28T14:08:02","date_gmt":"2025-07-28T12:08:02","guid":{"rendered":"https:\/\/elcafedepipa.com\/?p=15991"},"modified":"2025-07-28T14:08:02","modified_gmt":"2025-07-28T12:08:02","slug":"el-consorci-provincial-de-bombers-de-castello-forma-als-alcaldes-i-alcaldesses-en-gestio-i-planificacio-demergencies-en-lambit-municipal","status":"publish","type":"post","link":"https:\/\/elcafedepipa.com\/index.php\/2025\/07\/28\/el-consorci-provincial-de-bombers-de-castello-forma-als-alcaldes-i-alcaldesses-en-gestio-i-planificacio-demergencies-en-lambit-municipal\/","title":{"rendered":"El Consorci Provincial de Bombers de Castell\u00f3 forma als alcaldes i alcaldesses en gesti\u00f3 i planificaci\u00f3 d&#8217;emerg\u00e8ncies en l&#8217;\u00e0mbit municipal"},"content":{"rendered":"\n<p>La iniciativa, emmarcada en la nova \u00e0rea del Consorci d&#8217;Oficial de Relacions Institucionals i Comunicaci\u00f3 P\u00fablica, busca refor\u00e7ar la preparaci\u00f3 dels responsables municipals, oferint-los ferramentes i coneixements per a gestionar de manera efica\u00e7 qualsevol incid\u00e8ncia que afecte la poblaci\u00f3, a trav\u00e9s de jornades impartides pels professionals del Consorci.<\/p>\n\n\n\n<p>L&#8217;objectiu, tal com ha exposat el diputat de Bombers, David Vicente, \u00e9s que els m\u00e0xims responsables dels municipis tinguen clar com \u201cactuar amb certesa i amb m\u00e9s professionalitat davant una emerg\u00e8ncia en l&#8217;\u00e0mbit local\u201d, ja que \u201c\u00e9s la m\u00e0xima autoritat local en emerg\u00e8ncies i qui ha de prendre decisions immediates per a protegir vides, b\u00e9ns i el medi ambient\u201d, ha assenyalat.<\/p>\n\n\n\n<p>\u201cPer a la Diputaci\u00f3 de Castell\u00f3 \u00e9s fonamental sensibilitzar i formar als alcaldes i alcaldesses dels nostres municipis sobre la import\u00e0ncia de la planificaci\u00f3 davant emerg\u00e8ncies i dotar-los de les ferramentes i coneixements essencials per a poder actuar amb dilig\u00e8ncia i efic\u00e0cia davant qualsevol emerg\u00e8ncia\u201d, ha insistit el diputat provincial.<\/p>\n\n\n\n<p>Durant les jornades formatives, que ja han comen\u00e7at amb municipis de l&#8217;Alt Pal\u00e0ncia, es repassaran les compet\u00e8ncies i responsabilitats d&#8217;esta gesti\u00f3 en l&#8217;\u00e0mbit municipal dins del Pla Territorial Municipal d&#8217;Emerg\u00e8ncies.<\/p>\n\n\n\n<p>El Pla Territorial Municipal d&#8217;Emerg\u00e8ncies (PTME) en la Comunitat Valenciana \u00e9s un document t\u00e8cnic-normatiu que t\u00e9 com a objectiu establir l&#8217;organitzaci\u00f3 i els procediments d&#8217;actuaci\u00f3 dels recursos i serveis municipals davant qualsevol tipus d&#8217;emerg\u00e8ncia que puga produir-se en el terme municipal.<\/p>\n\n\n\n<p>Est\u00e0 dissenyat per a proporcionar una resposta efica\u00e7, coordinada i planificada enfront de situacions que superen la capacitat de resposta ordin\u00e0ria dels servicis municipals.<\/p>\n\n\n\n<p>\u201cCada alcalde \u00e9s el director del PTME i qui t\u00e9 la compet\u00e8ncia per a declarar la situaci\u00f3 d&#8217;emerg\u00e8ncia i activar el pla, en funci\u00f3 del tipus i gravetat de l&#8217;incident\u201d, ha explicat el diputat de Bombers. Pel que \u201cresulta imprescindible que tots ells coneguen com desenvolupar el seu propi pla perqu\u00e8 tots els municipis estan obligats a disposar d&#8217;un\u201d.<\/p>\n\n\n\n<p>Aix\u00ed mateix, els assistents a les sessions organitzades pel Consorci Provincial coneixeran, de primera m\u00e0, els protocols de coordinaci\u00f3 del municipi amb el Consorci de Bombers i restes d&#8217;administracions implicades en una emerg\u00e8ncia, aix\u00ed com l&#8217;\u00fas dels equips de comunicacions per a emerg\u00e8ncia de la xarxa CoordCom de la Generalitat Valenciana.<\/p>\n\n\n\n<p>En este sentit, el diputat de Bombers ha ressaltat que \u201cl&#8217;inter\u00e9s mostrat pels alcaldes i alcaldesses reflectix el comprom\u00eds dels ajuntaments amb la seguretat ciutadania i la gesti\u00f3 efica\u00e7 en emerg\u00e8ncies\u201d.<\/p>\n\n\n\n<p>\u201cAvancem cap a una prov\u00edncia m\u00e9s segura i millor preparada enfront de possibles riscos i cat\u00e0strofes\u201d, ha subratllat el diputat del Consorci de Bombers, David Vicente, qui ha posat de manifest el comprom\u00eds de la instituci\u00f3 provincial amb els municipis de la prov\u00edncia en la millora dels protocols d&#8217;actuaci\u00f3 davant emerg\u00e8ncies, amb la finalitat de garantir la seguretat a la ciutadania.<\/p>\n\n\n\n<p><\/p>\n","protected":false},"excerpt":{"rendered":"<p>La iniciativa, emmarcada en la nova \u00e0rea del Consorci d&#8217;Oficial de Relacions Institucionals i Comunicaci\u00f3 P\u00fablica, busca refor\u00e7ar la preparaci\u00f3 dels responsables municipals, oferint-los ferramentes i coneixements per a gestionar de manera efica\u00e7 qualsevol incid\u00e8ncia que afecte la poblaci\u00f3, a trav\u00e9s de jornades impartides pels professionals del Consorci. L&#8217;objectiu, tal com ha exposat el diputat &#8230; <a title=\"El Consorci Provincial de Bombers de Castell\u00f3 forma als alcaldes i alcaldesses en gesti\u00f3 i planificaci\u00f3 d&#8217;emerg\u00e8ncies en l&#8217;\u00e0mbit municipal\" class=\"read-more\" href=\"https:\/\/elcafedepipa.com\/index.php\/2025\/07\/28\/el-consorci-provincial-de-bombers-de-castello-forma-als-alcaldes-i-alcaldesses-en-gestio-i-planificacio-demergencies-en-lambit-municipal\/\" aria-label=\"M\u00e9s informaci\u00f3 sobre El Consorci Provincial de Bombers de Castell\u00f3 forma als alcaldes i alcaldesses en gesti\u00f3 i planificaci\u00f3 d&#8217;emerg\u00e8ncies en l&#8217;\u00e0mbit municipal\">Read more<\/a><\/p>\n","protected":false},"author":2,"featured_media":15992,"comment_status":"closed","ping_status":"closed","sticky":false,"template":"","format":"standard","meta":{"om_disable_all_campaigns":false,"_monsterinsights_skip_tracking":false,"_monsterinsights_sitenote_active":false,"_monsterinsights_sitenote_note":"","_monsterinsights_sitenote_category":0,"_uf_show_specific_survey":0,"_uf_disable_surveys":false,"footnotes":""},"categories":[10],"tags":[],"class_list":["post-15991","post","type-post","status-publish","format-standard","has-post-thumbnail","hentry","category-provinciadecastello"],"_links":{"self":[{"href":"https:\/\/elcafedepipa.com\/index.php\/wp-json\/wp\/v2\/posts\/15991","targetHints":{"allow":["GET"]}}],"collection":[{"href":"https:\/\/elcafedepipa.com\/index.php\/wp-json\/wp\/v2\/posts"}],"about":[{"href":"https:\/\/elcafedepipa.com\/index.php\/wp-json\/wp\/v2\/types\/post"}],"author":[{"embeddable":true,"href":"https:\/\/elcafedepipa.com\/index.php\/wp-json\/wp\/v2\/users\/2"}],"replies":[{"embeddable":true,"href":"https:\/\/elcafedepipa.com\/index.php\/wp-json\/wp\/v2\/comments?post=15991"}],"version-history":[{"count":1,"href":"https:\/\/elcafedepipa.com\/index.php\/wp-json\/wp\/v2\/posts\/15991\/revisions"}],"predecessor-version":[{"id":15993,"href":"https:\/\/elcafedepipa.com\/index.php\/wp-json\/wp\/v2\/posts\/15991\/revisions\/15993"}],"wp:featuredmedia":[{"embeddable":true,"href":"https:\/\/elcafedepipa.com\/index.php\/wp-json\/wp\/v2\/media\/15992"}],"wp:attachment":[{"href":"https:\/\/elcafedepipa.com\/index.php\/wp-json\/wp\/v2\/media?parent=15991"}],"wp:term":[{"taxonomy":"category","embeddable":true,"href":"https:\/\/elcafedepipa.com\/index.php\/wp-json\/wp\/v2\/categories?post=15991"},{"taxonomy":"post_tag","embeddable":true,"href":"https:\/\/elcafedepipa.com\/index.php\/wp-json\/wp\/v2\/tags?post=15991"}],"curies":[{"name":"wp","href":"https:\/\/api.w.org\/{rel}","templated":true}]}}