{"id":1599,"date":"2024-05-31T13:48:15","date_gmt":"2024-05-31T11:48:15","guid":{"rendered":"https:\/\/elcafedepipa.com\/?p=1599"},"modified":"2024-05-31T13:48:40","modified_gmt":"2024-05-31T11:48:40","slug":"comenca-un-nou-cicle-faller-amb-leleccio-de-les-falleres-majors-2025-aquesta-vesprada","status":"publish","type":"post","link":"https:\/\/elcafedepipa.com\/index.php\/2024\/05\/31\/comenca-un-nou-cicle-faller-amb-leleccio-de-les-falleres-majors-2025-aquesta-vesprada\/","title":{"rendered":"Comen\u00e7a un nou cicle faller amb l&#8217;elecci\u00f3 de les Falleres Majors 2025 aquesta vesprada"},"content":{"rendered":"<p><strong>\u00c0UDIO |\u00a0<\/strong> Amb Sheila Segarra, presidenta de la Junta Local Fallera de la Vall d&#8217;Uix\u00f3, repassem tots els detalls de l&#8217;acte d&#8217;elecci\u00f3 de les Falleres Majors 2025, que tindr\u00e0 lloc aquesta vesprada al sal\u00f3 de plens. Com \u00e9s tradici\u00f3, ser\u00e0 l&#8217;alcaldessa qui telefone a les falleres per donar la not\u00edcia.<\/p>\n<audio class=\"wp-audio-shortcode\" id=\"audio-1599-1\" preload=\"none\" style=\"width: 100%;\" controls=\"controls\"><source type=\"audio\/mpeg\" src=\"https:\/\/elcafedepipa.com\/wp-content\/uploads\/2024\/05\/sheila31maig.mp3?_=1\" \/><a href=\"https:\/\/elcafedepipa.com\/wp-content\/uploads\/2024\/05\/sheila31maig.mp3\">https:\/\/elcafedepipa.com\/wp-content\/uploads\/2024\/05\/sheila31maig.mp3<\/a><\/audio>\n","protected":false},"excerpt":{"rendered":"<p>\u00c0UDIO |\u00a0 Amb Sheila Segarra, presidenta de la Junta Local Fallera de la Vall d&#8217;Uix\u00f3, repassem tots els detalls de l&#8217;acte d&#8217;elecci\u00f3 de les Falleres Majors 2025, que tindr\u00e0 lloc aquesta vesprada al sal\u00f3 de plens. Com \u00e9s tradici\u00f3, ser\u00e0 l&#8217;alcaldessa qui telefone a les falleres per donar la not\u00edcia.<\/p>\n","protected":false},"author":2,"featured_media":0,"comment_status":"open","ping_status":"open","sticky":false,"template":"","format":"standard","meta":{"om_disable_all_campaigns":false,"_monsterinsights_skip_tracking":false,"_monsterinsights_sitenote_active":false,"_monsterinsights_sitenote_note":"","_monsterinsights_sitenote_category":0,"_uf_show_specific_survey":0,"_uf_disable_surveys":false,"footnotes":""},"categories":[2,34],"tags":[],"class_list":["post-1599","post","type-post","status-publish","format-standard","hentry","category-lavallduixo","category-podcast"],"_links":{"self":[{"href":"https:\/\/elcafedepipa.com\/index.php\/wp-json\/wp\/v2\/posts\/1599","targetHints":{"allow":["GET"]}}],"collection":[{"href":"https:\/\/elcafedepipa.com\/index.php\/wp-json\/wp\/v2\/posts"}],"about":[{"href":"https:\/\/elcafedepipa.com\/index.php\/wp-json\/wp\/v2\/types\/post"}],"author":[{"embeddable":true,"href":"https:\/\/elcafedepipa.com\/index.php\/wp-json\/wp\/v2\/users\/2"}],"replies":[{"embeddable":true,"href":"https:\/\/elcafedepipa.com\/index.php\/wp-json\/wp\/v2\/comments?post=1599"}],"version-history":[{"count":0,"href":"https:\/\/elcafedepipa.com\/index.php\/wp-json\/wp\/v2\/posts\/1599\/revisions"}],"wp:attachment":[{"href":"https:\/\/elcafedepipa.com\/index.php\/wp-json\/wp\/v2\/media?parent=1599"}],"wp:term":[{"taxonomy":"category","embeddable":true,"href":"https:\/\/elcafedepipa.com\/index.php\/wp-json\/wp\/v2\/categories?post=1599"},{"taxonomy":"post_tag","embeddable":true,"href":"https:\/\/elcafedepipa.com\/index.php\/wp-json\/wp\/v2\/tags?post=1599"}],"curies":[{"name":"wp","href":"https:\/\/api.w.org\/{rel}","templated":true}]}}