{"id":15988,"date":"2025-07-28T14:05:41","date_gmt":"2025-07-28T12:05:41","guid":{"rendered":"https:\/\/elcafedepipa.com\/?p=15988"},"modified":"2025-07-28T14:05:42","modified_gmt":"2025-07-28T12:05:42","slug":"lajuntament-de-moncofa-intensifica-els-treballs-de-control-de-mosquits-despres-de-les-ultimes-pluges-i-la-calor","status":"publish","type":"post","link":"https:\/\/elcafedepipa.com\/index.php\/2025\/07\/28\/lajuntament-de-moncofa-intensifica-els-treballs-de-control-de-mosquits-despres-de-les-ultimes-pluges-i-la-calor\/","title":{"rendered":"L\u2019Ajuntament de Moncofa intensifica els treballs de control de mosquits despr\u00e9s de les \u00faltimes pluges i la calor"},"content":{"rendered":"\n<p>L&#8217;Ajuntament de Moncofa, en col\u00b7laboraci\u00f3 amb la Diputaci\u00f3 de Castell\u00f3 i l&#8217;empresa Lok\u00edmica, ha intensificat les labors de seguiment i control de mosquits en el municipi per a fer front a l&#8217;increment puntual d&#8217;estos insectes registrat en els \u00faltims dies, especialment a la nit.<\/p>\n\n\n\n<p>La combinaci\u00f3 de les \u00faltimes pluges amb les altes temperatures ha afavorit la proliferaci\u00f3 de mosquits procedents de zones de camp pr\u00f2ximes al nucli urb\u00e0, generant mol\u00e8sties en terrasses, <em>merenderos<\/em> i actes festius. Davant esta situaci\u00f3, el consistori recorda que els treballs de control es realitzen de manera cont\u00ednua durant tot l&#8217;any, amb actuacions tant preventives com per a l&#8217;eliminaci\u00f3 de focus, i que s&#8217;est\u00e0 actuant de manera r\u00e0pida i efica\u00e7 per a minimitzar les mol\u00e8sties a la ciutadania.<\/p>\n\n\n\n<p>\u201cJa advertim pr\u00e8viament de la necessitat d&#8217;extremar les mesures davant de les condicions meteorol\u00f2giques, i per aix\u00f2 hem treballat sense descans. Aix\u00ed i tot, \u00e9s molt dif\u00edcil evitar l&#8217;aparici\u00f3 de focus, sobretot quan les condicions meteorol\u00f2giques s\u00f3n prop\u00edcies. \u00c9s fonamental actuar de manera preventiva, per\u00f2 tamb\u00e9 donar resposta immediata quan es detecta un repunt com este\u201d, destaca el regidor de Medi Ambient, Francisco Alemany.<\/p>\n\n\n\n<p>Els tractaments s&#8217;estan aplicant tant en el nucli urb\u00e0 com en les zones rurals confrontants, seguint les indicacions dels t\u00e8cnics de l&#8217;empresa especialitzada. El consistori insisteix en la import\u00e0ncia de mantindre la col\u00b7laboraci\u00f3 ciutadana, evitant acumulacions d&#8217;aigua en propietats privades que puguen convertir-se en focus.<\/p>\n","protected":false},"excerpt":{"rendered":"<p>L&#8217;Ajuntament de Moncofa, en col\u00b7laboraci\u00f3 amb la Diputaci\u00f3 de Castell\u00f3 i l&#8217;empresa Lok\u00edmica, ha intensificat les labors de seguiment i control de mosquits en el municipi per a fer front a l&#8217;increment puntual d&#8217;estos insectes registrat en els \u00faltims dies, especialment a la nit. La combinaci\u00f3 de les \u00faltimes pluges amb les altes temperatures ha &#8230; <a title=\"L\u2019Ajuntament de Moncofa intensifica els treballs de control de mosquits despr\u00e9s de les \u00faltimes pluges i la calor\" class=\"read-more\" href=\"https:\/\/elcafedepipa.com\/index.php\/2025\/07\/28\/lajuntament-de-moncofa-intensifica-els-treballs-de-control-de-mosquits-despres-de-les-ultimes-pluges-i-la-calor\/\" aria-label=\"M\u00e9s informaci\u00f3 sobre L\u2019Ajuntament de Moncofa intensifica els treballs de control de mosquits despr\u00e9s de les \u00faltimes pluges i la calor\">Read more<\/a><\/p>\n","protected":false},"author":2,"featured_media":15989,"comment_status":"closed","ping_status":"closed","sticky":false,"template":"","format":"standard","meta":{"om_disable_all_campaigns":false,"_monsterinsights_skip_tracking":false,"_monsterinsights_sitenote_active":false,"_monsterinsights_sitenote_note":"","_monsterinsights_sitenote_category":0,"_uf_show_specific_survey":0,"_uf_disable_surveys":false,"footnotes":""},"categories":[4],"tags":[],"class_list":["post-15988","post","type-post","status-publish","format-standard","has-post-thumbnail","hentry","category-moncofa"],"_links":{"self":[{"href":"https:\/\/elcafedepipa.com\/index.php\/wp-json\/wp\/v2\/posts\/15988","targetHints":{"allow":["GET"]}}],"collection":[{"href":"https:\/\/elcafedepipa.com\/index.php\/wp-json\/wp\/v2\/posts"}],"about":[{"href":"https:\/\/elcafedepipa.com\/index.php\/wp-json\/wp\/v2\/types\/post"}],"author":[{"embeddable":true,"href":"https:\/\/elcafedepipa.com\/index.php\/wp-json\/wp\/v2\/users\/2"}],"replies":[{"embeddable":true,"href":"https:\/\/elcafedepipa.com\/index.php\/wp-json\/wp\/v2\/comments?post=15988"}],"version-history":[{"count":1,"href":"https:\/\/elcafedepipa.com\/index.php\/wp-json\/wp\/v2\/posts\/15988\/revisions"}],"predecessor-version":[{"id":15990,"href":"https:\/\/elcafedepipa.com\/index.php\/wp-json\/wp\/v2\/posts\/15988\/revisions\/15990"}],"wp:featuredmedia":[{"embeddable":true,"href":"https:\/\/elcafedepipa.com\/index.php\/wp-json\/wp\/v2\/media\/15989"}],"wp:attachment":[{"href":"https:\/\/elcafedepipa.com\/index.php\/wp-json\/wp\/v2\/media?parent=15988"}],"wp:term":[{"taxonomy":"category","embeddable":true,"href":"https:\/\/elcafedepipa.com\/index.php\/wp-json\/wp\/v2\/categories?post=15988"},{"taxonomy":"post_tag","embeddable":true,"href":"https:\/\/elcafedepipa.com\/index.php\/wp-json\/wp\/v2\/tags?post=15988"}],"curies":[{"name":"wp","href":"https:\/\/api.w.org\/{rel}","templated":true}]}}