{"id":15985,"date":"2025-07-28T14:03:50","date_gmt":"2025-07-28T12:03:50","guid":{"rendered":"https:\/\/elcafedepipa.com\/?p=15985"},"modified":"2025-07-28T14:03:51","modified_gmt":"2025-07-28T12:03:51","slug":"la-unio-considera-que-lacord-ue-eua-evita-la-guerra-comercial-pero-castiga-el-camp-valencia","status":"publish","type":"post","link":"https:\/\/elcafedepipa.com\/index.php\/2025\/07\/28\/la-unio-considera-que-lacord-ue-eua-evita-la-guerra-comercial-pero-castiga-el-camp-valencia\/","title":{"rendered":"LA UNI\u00d3 considera que l&#8217;acord UE-EUA evita la guerra comercial, per\u00f2 castiga el camp valenci\u00e0"},"content":{"rendered":"\n<p><strong>L&#8217;organitzaci\u00f3 troba a faltar reciprocitat en algun producte com l&#8217;ametla<\/strong><\/p>\n\n\n\n<p>La Uni\u00f3 Llauradora i Ramadera, davant l&#8217;acord aconseguit aquest cap de setmana entre la UE i els Estats Units, estima que es buiden incerteses, per\u00f2 a canvi de la imposici\u00f3 d&#8217;uns aranzels generals del 15% que seran un dur colp per a les exportacions valencianes de productes emblem\u00e0tics en la Comunitat Valenciana com vi i oli, lamentant que la UE no haja sabut o pogut defensar millor als seus productors. L&#8217;organitzaci\u00f3 assenyala que a aquests aranzels s&#8217;uneixen a la pujada de costos en el sector i a la compet\u00e8ncia deslleial de les produccions de tercers pa\u00efsos.<\/p>\n\n\n\n<p>&#8220;Qualsevol mesura aranzel\u00e0ria desestabilitza i genera desconfian\u00e7a en les nostres empreses agroaliment\u00e0ries i en els mercats a l&#8217;hora de recuperar o apostar per enviar els nostres productes agroalimentaris als Estats Units\u201d, indica Carles Peris, secretari general de LA UNI\u00d3, referent a aquesta decisi\u00f3.<\/p>\n\n\n\n<p>El pacte, que evita la imposici\u00f3 de tarifes del 30\u202f% o superiors que hagueren tingut conseq\u00fc\u00e8ncies catastr\u00f2fiques, inclou algunes exempcions per a b\u00e9ns estrat\u00e8gics; per\u00f2, segons les informacions transcendides, deixaria fora a productes de gran rellev\u00e0ncia per a Espanya, com vi, oli d&#8217;oliva, formatges o pernils. En el cas de l&#8217;oli, les vendes principals de la Comunitat Valenciana es dirigeixen en bona part al mercat intern i a Espanya i els aranzels afectarien de ple sobretot a comunitats aut\u00f2nomes com Andalusia que tenen un volum productiu molt rellevant i exporten molt. \u201cEl problema ja no seria el que nosaltres exportem als EUA, sin\u00f3 el que deixa de fer Andalusia com a principal zona exportadora. Si eixe oli t\u00e9 ara un 15% d&#8217;aranzel i no va als EUA s&#8217;haur\u00e0 de recol\u00b7locar i buscar altres destins, per la qual cosa igual se satura el mercat espanyol. Ja no \u00e9s \u00fanicament eixe augment de costos per exportar all\u00ed sin\u00f3 tamb\u00e9 els fluxos que es generen de si pots enviar all\u00ed o no o has de buscar un nou mercat\u201d, diu Peris.<\/p>\n\n\n\n<p>L&#8217;organitzaci\u00f3 reconeix que l&#8217;acord aporta una certa estabilitat al comer\u00e7 transatl\u00e0ntic, per\u00f2 considera que \u201cTrump ha posat sobre la taula esglai o mort i la UE ha engolit amb esglai, acceptant unes condicions que perjudiquen greument els seus llauradors\u201d. Per a LA UNI\u00d3, el resultat \u00e9s un pacte desequilibrat i que torna a mostrar que Brussel\u00b7les \u00e9s incapa\u00e7 de fer valdre el seu pes pol\u00edtic per a protegir els seus sectors productius, mentre els continua carregant amb normes internes de tota mena. \u201cAix\u00f2 ha servit per a saber qui mana en el concert internacional i per si quedava algun dubte, no \u00e9s la UE\u201d, expressa, advertint que encara el mandatari estatunidenc pot donar alguna sorpresa d&#8217;\u00faltima hora.<\/p>\n\n\n\n<p>LA UNI\u00d3 subratlla que el camp europeu ja suporta costos creixents en energia, fertilitzants i altres inputs, als quals ara se sumar\u00e0 el sobrecost dels aranzels per a accedir a un mercat clau com l&#8217;estatunidenc. \u201cEls llauradors i ramaders haurem d&#8217;assumir una pressi\u00f3 afegida en un escenari encara marcat per moltes inseguretats econ\u00f2miques\u201d, adverteix l&#8217;organitzaci\u00f3. En aquest context, LA UNI\u00d3 reclama de les institucions europees alleugerisquen al sistema productiu europeu d&#8217;exig\u00e8ncies ideol\u00f2giques i innecess\u00e0ries, que impliquen majors costos i c\u00e0rregues burocr\u00e0tiques i minven la competitivitat dels nostres productes en els mercats. Finalment, l&#8217;organitzaci\u00f3 recorda que la pol\u00edtica comercial europea ha d&#8217;estar alineada amb les necessitats reals del sector agrari i que la defensa dels interessos de llauradors i ramaders ha de convertir-se en una prioritat efectiva en les negociacions internacionals.<\/p>\n\n\n\n<p>LA UNI\u00d3 critica que les autoritats comunit\u00e0ries no responguen amb reciprocitat a eixos aranzels decretats pel Govern de Trump i un dels productes que caldria gravar per la seua afecci\u00f3 en la Comunitat Valenciana, entre altres, \u00e9s l&#8217;ametla importada per les grans empreses torroneres, o anous dels EUA que inunden els nostres mercats, que desestabilitzen el nostre mercat i llan\u00e7a els preus de les nostres produccions a la baixa. El valor de les importacions de fruita seca (ametles i anous) procedents dels Estats Units a la Comunitat Valenciana va aconseguir un valor l&#8217;any passat de 355 milions d&#8217;euros -quasi tant com el total del valor agroalimentari exportat per nosaltres all\u00ed- i que suposen un 19,7% del total importat per la Comunitat Valenciana en tots els sectors. Aquesta situaci\u00f3 refor\u00e7a encara m\u00e9s la petici\u00f3 reiterada per LA UNI\u00d3 d&#8217;obligar empreses com les torroneres a etiquetar l&#8217;origen de les seues mat\u00e8ries primeres, en aquest cas, ametla i mel, perqu\u00e8 no suposen un engany als consumidors i una burla als productors valencians, espanyols i europeus.<\/p>\n\n\n\n<p>El volum de les exportacions agroaliment\u00e0ries de la Comunitat Valenciana als Estats Units va aconseguir un valor l&#8217;any passat de 366 milions d&#8217;euros. El 13% del total de les nostres exportacions a eixe pa\u00eds correspon al sector agroalimentari. Representen el 4% del total de les nostres exportacions agroaliment\u00e0ries. Els productes agroalimentaris m\u00e9s exportats des del nostre territori all\u00ed s\u00f3n vi, oli d&#8217;oliva, hortalisses fresques o en conserva, formatges o carn; per tant, eixos serien els m\u00e9s perjudicats pels aranzels.<\/p>\n","protected":false},"excerpt":{"rendered":"<p>L&#8217;organitzaci\u00f3 troba a faltar reciprocitat en algun producte com l&#8217;ametla La Uni\u00f3 Llauradora i Ramadera, davant l&#8217;acord aconseguit aquest cap de setmana entre la UE i els Estats Units, estima que es buiden incerteses, per\u00f2 a canvi de la imposici\u00f3 d&#8217;uns aranzels generals del 15% que seran un dur colp per a les exportacions valencianes &#8230; <a title=\"LA UNI\u00d3 considera que l&#8217;acord UE-EUA evita la guerra comercial, per\u00f2 castiga el camp valenci\u00e0\" class=\"read-more\" href=\"https:\/\/elcafedepipa.com\/index.php\/2025\/07\/28\/la-unio-considera-que-lacord-ue-eua-evita-la-guerra-comercial-pero-castiga-el-camp-valencia\/\" aria-label=\"M\u00e9s informaci\u00f3 sobre LA UNI\u00d3 considera que l&#8217;acord UE-EUA evita la guerra comercial, per\u00f2 castiga el camp valenci\u00e0\">Read more<\/a><\/p>\n","protected":false},"author":2,"featured_media":15986,"comment_status":"closed","ping_status":"closed","sticky":false,"template":"","format":"standard","meta":{"om_disable_all_campaigns":false,"_monsterinsights_skip_tracking":false,"_monsterinsights_sitenote_active":false,"_monsterinsights_sitenote_note":"","_monsterinsights_sitenote_category":0,"_uf_show_specific_survey":0,"_uf_disable_surveys":false,"footnotes":""},"categories":[10],"tags":[],"class_list":["post-15985","post","type-post","status-publish","format-standard","has-post-thumbnail","hentry","category-provinciadecastello"],"_links":{"self":[{"href":"https:\/\/elcafedepipa.com\/index.php\/wp-json\/wp\/v2\/posts\/15985","targetHints":{"allow":["GET"]}}],"collection":[{"href":"https:\/\/elcafedepipa.com\/index.php\/wp-json\/wp\/v2\/posts"}],"about":[{"href":"https:\/\/elcafedepipa.com\/index.php\/wp-json\/wp\/v2\/types\/post"}],"author":[{"embeddable":true,"href":"https:\/\/elcafedepipa.com\/index.php\/wp-json\/wp\/v2\/users\/2"}],"replies":[{"embeddable":true,"href":"https:\/\/elcafedepipa.com\/index.php\/wp-json\/wp\/v2\/comments?post=15985"}],"version-history":[{"count":1,"href":"https:\/\/elcafedepipa.com\/index.php\/wp-json\/wp\/v2\/posts\/15985\/revisions"}],"predecessor-version":[{"id":15987,"href":"https:\/\/elcafedepipa.com\/index.php\/wp-json\/wp\/v2\/posts\/15985\/revisions\/15987"}],"wp:featuredmedia":[{"embeddable":true,"href":"https:\/\/elcafedepipa.com\/index.php\/wp-json\/wp\/v2\/media\/15986"}],"wp:attachment":[{"href":"https:\/\/elcafedepipa.com\/index.php\/wp-json\/wp\/v2\/media?parent=15985"}],"wp:term":[{"taxonomy":"category","embeddable":true,"href":"https:\/\/elcafedepipa.com\/index.php\/wp-json\/wp\/v2\/categories?post=15985"},{"taxonomy":"post_tag","embeddable":true,"href":"https:\/\/elcafedepipa.com\/index.php\/wp-json\/wp\/v2\/tags?post=15985"}],"curies":[{"name":"wp","href":"https:\/\/api.w.org\/{rel}","templated":true}]}}