{"id":15982,"date":"2025-07-28T14:02:17","date_gmt":"2025-07-28T12:02:17","guid":{"rendered":"https:\/\/elcafedepipa.com\/?p=15982"},"modified":"2025-07-28T14:02:18","modified_gmt":"2025-07-28T12:02:18","slug":"el-pspv-de-castello-acusa-marta-barrachina-de-deixar-se-arrasar-per-la-plaga-de-mosquits-se-li-ha-anat-completament-de-les-mans","status":"publish","type":"post","link":"https:\/\/elcafedepipa.com\/index.php\/2025\/07\/28\/el-pspv-de-castello-acusa-marta-barrachina-de-deixar-se-arrasar-per-la-plaga-de-mosquits-se-li-ha-anat-completament-de-les-mans\/","title":{"rendered":"El PSPV de Castell\u00f3 acusa Marta Barrachina de deixar-se arrasar per la plaga de mosquits: \u201cse li ha anat completament de les mans\u201d"},"content":{"rendered":"\n<p><strong>La diputada socialista alerta que la situaci\u00f3 \u201cs\u2019ha desbordat\u201d i lamenta que el PP haja passat de prometre solucions m\u00e0giques a fugir de responsabilitats mentre la poblaci\u00f3 pateix un aut\u00e8ntic \u201cinfern de picadures\u201d<\/strong><br><strong><br><\/strong>La diputada del PSPV-PSOE a la Diputaci\u00f3 de Castell\u00f3, Maria Jim\u00e9nez, ha denunciat que la plaga de mosquits \u201cest\u00e0 causant estralls a la Plana\u201d davant la \u201cmanifesta passivitat\u201d del govern del PP. Segons Jim\u00e9nez, la situaci\u00f3 \u201cse li ha anat completament de les mans a Marta Barrachina per la seua absoluta incapacitat per a donar una resposta efectiva a l\u2019allau de picadures i mol\u00e8sties derivades de la proliferaci\u00f3 de larves en zones sense tractament\u201d.<br><br>\u201cEls qui venien amb la vareta m\u00e0gica per a arreglar-ho tot han demostrat que s\u00f3n incapa\u00e7os de fer-ho\u201d, ha criticat. \u201cVe\u00efns, turistes, comerciants i hostalers \u00a0es queixen de forma un\u00e0nime d\u2019una situaci\u00f3 que ja \u00e9s insuportable per les picadures\u201d.<br><br>Jim\u00e9nez ha assegurat que \u201cles fumigacions es fan a mig gas, la coordinaci\u00f3 amb els ajuntaments brilla per la seua abs\u00e8ncia i els tractaments aeris, que tant defensava el PP en l\u2019anterior legislatura, han sigut m\u00ednims, malgrat reclamar-los constantment quan estaven a l\u2019oposici\u00f3\u201d. \u201cSembla que han tirat la tovalla\u201d, ha lamentat.<br><br>La representant socialista ha advertit que \u201caquest infern de mosquits i de picadures perjudica la imatge tur\u00edstica de la prov\u00edncia i representa un risc greu per a la qualitat de vida i la salut p\u00fablica\u201d, i ha mostrat la seua preocupaci\u00f3 per la \u201cevident inacci\u00f3 d\u2019una Diputaci\u00f3 que ignora el malestar creixent de la poblaci\u00f3\u201d.<br><br>Jim\u00e9nez tamb\u00e9 retreu al PP que porte dos anys escudant-se en la limitaci\u00f3 de compet\u00e8ncies provincials per a no actuar. \u201c\u00c9s inacceptable\u201d, ha afirmat, \u201cperqu\u00e8 durant quatre anys Barrachina ens acusava de deixadesa de funcions, quan es va fumigar m\u00e9s que mai\u201d. \u201cAra, en el govern, el que fa \u00e9s desentendre\u2019s del problema perqu\u00e8 sembla que li emociona m\u00e9s canviar les moquetes del Palau Provincial per milers i milers d\u2019euros que afrontar una crisi sanit\u00e0ria que afecta de ple la ciutadania. \u00c9s una q\u00fcesti\u00f3 de prioritats\u201d.<br><br>Finalment, la diputada socialista ha instat Marta Barrachina a \u201cassumir responsabilitats, intensificar les fumigacions i posar en marxa mesures immediates per a controlar una plaga que est\u00e0 adquirint proporcions preocupants\u201d, ha concl\u00f2s.<\/p>\n","protected":false},"excerpt":{"rendered":"<p>La diputada socialista alerta que la situaci\u00f3 \u201cs\u2019ha desbordat\u201d i lamenta que el PP haja passat de prometre solucions m\u00e0giques a fugir de responsabilitats mentre la poblaci\u00f3 pateix un aut\u00e8ntic \u201cinfern de picadures\u201dLa diputada del PSPV-PSOE a la Diputaci\u00f3 de Castell\u00f3, Maria Jim\u00e9nez, ha denunciat que la plaga de mosquits \u201cest\u00e0 causant estralls a la &#8230; <a title=\"El PSPV de Castell\u00f3 acusa Marta Barrachina de deixar-se arrasar per la plaga de mosquits: \u201cse li ha anat completament de les mans\u201d\" class=\"read-more\" href=\"https:\/\/elcafedepipa.com\/index.php\/2025\/07\/28\/el-pspv-de-castello-acusa-marta-barrachina-de-deixar-se-arrasar-per-la-plaga-de-mosquits-se-li-ha-anat-completament-de-les-mans\/\" aria-label=\"M\u00e9s informaci\u00f3 sobre El PSPV de Castell\u00f3 acusa Marta Barrachina de deixar-se arrasar per la plaga de mosquits: \u201cse li ha anat completament de les mans\u201d\">Read more<\/a><\/p>\n","protected":false},"author":2,"featured_media":15983,"comment_status":"closed","ping_status":"closed","sticky":false,"template":"","format":"standard","meta":{"om_disable_all_campaigns":false,"_monsterinsights_skip_tracking":false,"_monsterinsights_sitenote_active":false,"_monsterinsights_sitenote_note":"","_monsterinsights_sitenote_category":0,"_uf_show_specific_survey":0,"_uf_disable_surveys":false,"footnotes":""},"categories":[10],"tags":[],"class_list":["post-15982","post","type-post","status-publish","format-standard","has-post-thumbnail","hentry","category-provinciadecastello"],"_links":{"self":[{"href":"https:\/\/elcafedepipa.com\/index.php\/wp-json\/wp\/v2\/posts\/15982","targetHints":{"allow":["GET"]}}],"collection":[{"href":"https:\/\/elcafedepipa.com\/index.php\/wp-json\/wp\/v2\/posts"}],"about":[{"href":"https:\/\/elcafedepipa.com\/index.php\/wp-json\/wp\/v2\/types\/post"}],"author":[{"embeddable":true,"href":"https:\/\/elcafedepipa.com\/index.php\/wp-json\/wp\/v2\/users\/2"}],"replies":[{"embeddable":true,"href":"https:\/\/elcafedepipa.com\/index.php\/wp-json\/wp\/v2\/comments?post=15982"}],"version-history":[{"count":1,"href":"https:\/\/elcafedepipa.com\/index.php\/wp-json\/wp\/v2\/posts\/15982\/revisions"}],"predecessor-version":[{"id":15984,"href":"https:\/\/elcafedepipa.com\/index.php\/wp-json\/wp\/v2\/posts\/15982\/revisions\/15984"}],"wp:featuredmedia":[{"embeddable":true,"href":"https:\/\/elcafedepipa.com\/index.php\/wp-json\/wp\/v2\/media\/15983"}],"wp:attachment":[{"href":"https:\/\/elcafedepipa.com\/index.php\/wp-json\/wp\/v2\/media?parent=15982"}],"wp:term":[{"taxonomy":"category","embeddable":true,"href":"https:\/\/elcafedepipa.com\/index.php\/wp-json\/wp\/v2\/categories?post=15982"},{"taxonomy":"post_tag","embeddable":true,"href":"https:\/\/elcafedepipa.com\/index.php\/wp-json\/wp\/v2\/tags?post=15982"}],"curies":[{"name":"wp","href":"https:\/\/api.w.org\/{rel}","templated":true}]}}