{"id":15979,"date":"2025-07-28T13:54:47","date_gmt":"2025-07-28T11:54:47","guid":{"rendered":"https:\/\/elcafedepipa.com\/?p=15979"},"modified":"2025-07-28T13:54:48","modified_gmt":"2025-07-28T11:54:48","slug":"lajuntament-de-la-vall-duixo-obre-fins-al-7-dagost-el-termini-per-demanar-ajuts-per-rehabilitar-facanes","status":"publish","type":"post","link":"https:\/\/elcafedepipa.com\/index.php\/2025\/07\/28\/lajuntament-de-la-vall-duixo-obre-fins-al-7-dagost-el-termini-per-demanar-ajuts-per-rehabilitar-facanes\/","title":{"rendered":"L&#8217;Ajuntament de la Vall d&#8217;Uix\u00f3 obre fins al 7 d&#8217;agost el termini per demanar ajuts per rehabilitar fa\u00e7anes"},"content":{"rendered":"\n<p><strong>A les anteriors edicions s&#8217;ha generat un impacte econ\u00f2mic de gaireb\u00e9 800.000 euros al sector de la construcci\u00f3 i la reforma<\/strong><\/p>\n\n\n\n<p>L&#8217;Ajuntament de la Vall d&#8217;Uix\u00f3 ha obert el termini per sol\u00b7licitar les ajudes municipals del pla &#8216;La Vall + bonica&#8217; per ajudar les fam\u00edlies a finan\u00e7ar les obres de rehabilitaci\u00f3 de fa\u00e7anes. El regidor d&#8217;Habitatge, Vicent Pitarch, ha destacat que el seu doble objectiu \u00e9s &#8220;fomentar la renovaci\u00f3 de la imatge i l&#8217;estat de conservaci\u00f3 dels edificis&#8221; i &#8220;injectar recursos al sector de la construcci\u00f3 i la reforma&#8221;.<\/p>\n\n\n\n<p>El termini per sol\u00b7licitar aquests ajuts finalitza el 7 dagost i el lliurament de documentaci\u00f3 s&#8217;ha de realitzar preferentment a trav\u00e9s de la seu electr\u00f2nica del web municipal. A l&#8217;Oficina d&#8217;Atenci\u00f3 Ciutadana (planta baixa del Palau de Vivel) es podr\u00e0 fer de 8.00 a 9.00 hores sense cita pr\u00e8via. La documentaci\u00f3 que cal aportar i les bases completes d&#8217;aquesta iniciativa es poden consultar a la web municipal.<\/p>\n\n\n\n<p>A aquests ajuts poden optar els habitatges de m\u00e9s de 25 anys d&#8217;antiguitat (segons cadastre), han de tenir informe d&#8217;edificabilitat (IE) i declaraci\u00f3 responsable d&#8217;obres. La quantia dels ajuts \u00e9s de fins al 60% del pressupost de les obres, amb un m\u00e0xim de 1.500 euros per als habitatges individuals i de 3.000 euros per a les comunitats. Els beneficiaris poden ser tant els propietaris com els arrendataris o usufructuaris amb autoritzaci\u00f3 escrita del propietari.<\/p>\n\n\n\n<p>Pitarch ha destacat que amb el pla &#8216;La Vall + bonica&#8217; que va comen\u00e7ar el 2017 \u201ces promou el sector de la construcci\u00f3 i de la reforma, dins de les nostres possibilitats com a Ajuntament\u201d. En aquest sentit, l&#8217;impacte econ\u00f2mic de les vuit edicions realitzades fins ara arriba gaireb\u00e9 als 800.000 euros, segons els 141 pressupostos tramitats d&#8217;empreses i aut\u00f2noms de la construcci\u00f3, reformes, pintura, forja i fusteria met\u00e0l\u00b7lica.<\/p>\n\n\n\n<p>Aquest projecte t\u00e9 &#8220;una molt bona agafada&#8221; at\u00e8s que pr\u00e0cticament a cada edici\u00f3 &#8220;s&#8217;esgota el pressupost, que prov\u00e9 \u00edntegrament de fons propis de l&#8217;Ajuntament&#8221;, ha remarcat l&#8217;edil. A m\u00e9s, cal recordar que aquestes subvencions locals s\u00f3n totalment compatibles amb altres ajudes d&#8217;administracions superiors, com les d&#8217;efici\u00e8ncia energ\u00e8tica.<\/p>\n","protected":false},"excerpt":{"rendered":"<p>A les anteriors edicions s&#8217;ha generat un impacte econ\u00f2mic de gaireb\u00e9 800.000 euros al sector de la construcci\u00f3 i la reforma L&#8217;Ajuntament de la Vall d&#8217;Uix\u00f3 ha obert el termini per sol\u00b7licitar les ajudes municipals del pla &#8216;La Vall + bonica&#8217; per ajudar les fam\u00edlies a finan\u00e7ar les obres de rehabilitaci\u00f3 de fa\u00e7anes. El regidor &#8230; <a title=\"L&#8217;Ajuntament de la Vall d&#8217;Uix\u00f3 obre fins al 7 d&#8217;agost el termini per demanar ajuts per rehabilitar fa\u00e7anes\" class=\"read-more\" href=\"https:\/\/elcafedepipa.com\/index.php\/2025\/07\/28\/lajuntament-de-la-vall-duixo-obre-fins-al-7-dagost-el-termini-per-demanar-ajuts-per-rehabilitar-facanes\/\" aria-label=\"M\u00e9s informaci\u00f3 sobre L&#8217;Ajuntament de la Vall d&#8217;Uix\u00f3 obre fins al 7 d&#8217;agost el termini per demanar ajuts per rehabilitar fa\u00e7anes\">Read more<\/a><\/p>\n","protected":false},"author":2,"featured_media":15980,"comment_status":"closed","ping_status":"closed","sticky":false,"template":"","format":"standard","meta":{"om_disable_all_campaigns":false,"_monsterinsights_skip_tracking":false,"_monsterinsights_sitenote_active":false,"_monsterinsights_sitenote_note":"","_monsterinsights_sitenote_category":0,"_uf_show_specific_survey":0,"_uf_disable_surveys":false,"footnotes":""},"categories":[1],"tags":[],"class_list":["post-15979","post","type-post","status-publish","format-standard","has-post-thumbnail","hentry","category-non-classe"],"_links":{"self":[{"href":"https:\/\/elcafedepipa.com\/index.php\/wp-json\/wp\/v2\/posts\/15979","targetHints":{"allow":["GET"]}}],"collection":[{"href":"https:\/\/elcafedepipa.com\/index.php\/wp-json\/wp\/v2\/posts"}],"about":[{"href":"https:\/\/elcafedepipa.com\/index.php\/wp-json\/wp\/v2\/types\/post"}],"author":[{"embeddable":true,"href":"https:\/\/elcafedepipa.com\/index.php\/wp-json\/wp\/v2\/users\/2"}],"replies":[{"embeddable":true,"href":"https:\/\/elcafedepipa.com\/index.php\/wp-json\/wp\/v2\/comments?post=15979"}],"version-history":[{"count":1,"href":"https:\/\/elcafedepipa.com\/index.php\/wp-json\/wp\/v2\/posts\/15979\/revisions"}],"predecessor-version":[{"id":15981,"href":"https:\/\/elcafedepipa.com\/index.php\/wp-json\/wp\/v2\/posts\/15979\/revisions\/15981"}],"wp:featuredmedia":[{"embeddable":true,"href":"https:\/\/elcafedepipa.com\/index.php\/wp-json\/wp\/v2\/media\/15980"}],"wp:attachment":[{"href":"https:\/\/elcafedepipa.com\/index.php\/wp-json\/wp\/v2\/media?parent=15979"}],"wp:term":[{"taxonomy":"category","embeddable":true,"href":"https:\/\/elcafedepipa.com\/index.php\/wp-json\/wp\/v2\/categories?post=15979"},{"taxonomy":"post_tag","embeddable":true,"href":"https:\/\/elcafedepipa.com\/index.php\/wp-json\/wp\/v2\/tags?post=15979"}],"curies":[{"name":"wp","href":"https:\/\/api.w.org\/{rel}","templated":true}]}}