{"id":15972,"date":"2025-07-25T21:56:04","date_gmt":"2025-07-25T19:56:04","guid":{"rendered":"https:\/\/elcafedepipa.com\/?p=15972"},"modified":"2025-07-25T21:56:04","modified_gmt":"2025-07-25T19:56:04","slug":"lajuntament-de-la-vall-duixo-finalitza-la-reurbanitzacio-del-carrer-institut","status":"publish","type":"post","link":"https:\/\/elcafedepipa.com\/index.php\/2025\/07\/25\/lajuntament-de-la-vall-duixo-finalitza-la-reurbanitzacio-del-carrer-institut\/","title":{"rendered":"L&#8217;Ajuntament de la Vall d\u2019Uix\u00f3 finalitza la reurbanitzaci\u00f3 del carrer Institut"},"content":{"rendered":"\n<p><strong>A m\u00e9s d&#8217;integrar el vial amb el parc, s&#8217;ha renovat tota la xarxa d&#8217;aig\u00fces per evitar fugues i tolls<\/strong><\/p>\n\n\n\n<p>L\u00b4Ajuntament de la Vall d\u00b4Uix\u00f3 ha finalitzat les obres de reurbanitzaci\u00f3 i millora de la xarxa d\u00b4aig\u00fces del carrer Institut. Amb una inversi\u00f3 de 300.000 euros s&#8217;ha renovat l&#8217;acc\u00e9s principal a l&#8217;IES Honori Garcia, una zona molt transitada que s&#8217;ha convertit en zona de vianants de manera definitiva i s&#8217;ha integrat amb el parc.<\/p>\n\n\n\n<p>Aquesta actuaci\u00f3 t\u00e9 una gran import\u00e0ncia tant per all\u00f2 que es veu com per all\u00f2 que no es veu. I \u00e9s que s&#8217;han substitu\u00eft m\u00e9s de 1.000 metres de canalitzacions antigues de fibrociment i PVC per altres de polietil\u00e8. A m\u00e9s, s&#8217;ha creat una xarxa de pluvials i embornals que no existia, cosa que provocava bassals i acumulaci\u00f3 d&#8217;aigua quan plovia. Aix\u00ed, s&#8217;ha millorat el drenatge i s&#8217;eviten les fuites i problemes d&#8217;humitats.<\/p>\n\n\n\n<p>L&#8217;alcaldessa, Tania Ba\u00f1os, ha visitat la zona amb el regidor de Serveis Urbans, Fernando Dar\u00f2s, el regidor d&#8217;Urbanisme, Vicente Pitarch, i responsables de FACSA, l&#8217;empresa que ha fet aquesta inversi\u00f3 dins del contracte de gesti\u00f3 d&#8217;aig\u00fces. Amb aquestes obres s&#8217;ha reurbanitzat el carrer amb llamborda, donant-li accessibilitat en tenir continu\u00eftat amb el parc i millorant la imatge i l&#8217;estat del paviment.<\/p>\n\n\n\n<p>Aix\u00ed mateix, tamb\u00e9 es dota la zona de m\u00e9s seguretat, sobretot per a l&#8217;alumnat de l&#8217;IES Honori Garcia i tamb\u00e9 per als nens i nenes que utilitzen el parc, especialment la zona de jocs d&#8217;aigua que d\u00f3na a aquest carrer i \u00e9s molt utilitzada als mesos d&#8217;estiu. D&#8217;altra banda s&#8217;ha condicionat un espai on fer esdeveniments o fires.<\/p>\n\n\n\n<p>Aquesta reurbanitzaci\u00f3 s\u201femmarca dins del projecte de recuperaci\u00f3 d\u201fespais per a les persones i de transformaci\u00f3 de la Vall d\u201fUix\u00f3 en una ciutat m\u00e9s sostenible, m\u00e9s amable i m\u00e9s moderna. Aquest proc\u00e9s es va iniciar ja a la primera legislatura i en aquests 10 anys ha vianants la pla\u00e7a de l\u2019Assumpci\u00f3 i la pla\u00e7a del Centre, ha creat una zona de baixes emissions a trav\u00e9s del Cam\u00ed de l\u2019Aigua i ha renovat el carrer Xac\u00f3. Actualment estan en marxa les obres de rehabilitaci\u00f3 del carrer Guzm\u00e1n, que han comen\u00e7at des de Xac\u00f3.<\/p>\n","protected":false},"excerpt":{"rendered":"<p>A m\u00e9s d&#8217;integrar el vial amb el parc, s&#8217;ha renovat tota la xarxa d&#8217;aig\u00fces per evitar fugues i tolls L\u00b4Ajuntament de la Vall d\u00b4Uix\u00f3 ha finalitzat les obres de reurbanitzaci\u00f3 i millora de la xarxa d\u00b4aig\u00fces del carrer Institut. Amb una inversi\u00f3 de 300.000 euros s&#8217;ha renovat l&#8217;acc\u00e9s principal a l&#8217;IES Honori Garcia, una zona &#8230; <a title=\"L&#8217;Ajuntament de la Vall d\u2019Uix\u00f3 finalitza la reurbanitzaci\u00f3 del carrer Institut\" class=\"read-more\" href=\"https:\/\/elcafedepipa.com\/index.php\/2025\/07\/25\/lajuntament-de-la-vall-duixo-finalitza-la-reurbanitzacio-del-carrer-institut\/\" aria-label=\"M\u00e9s informaci\u00f3 sobre L&#8217;Ajuntament de la Vall d\u2019Uix\u00f3 finalitza la reurbanitzaci\u00f3 del carrer Institut\">Read more<\/a><\/p>\n","protected":false},"author":2,"featured_media":15973,"comment_status":"closed","ping_status":"closed","sticky":false,"template":"","format":"standard","meta":{"om_disable_all_campaigns":false,"_monsterinsights_skip_tracking":false,"_monsterinsights_sitenote_active":false,"_monsterinsights_sitenote_note":"","_monsterinsights_sitenote_category":0,"_uf_show_specific_survey":0,"_uf_disable_surveys":false,"footnotes":""},"categories":[1],"tags":[],"class_list":["post-15972","post","type-post","status-publish","format-standard","has-post-thumbnail","hentry","category-non-classe"],"_links":{"self":[{"href":"https:\/\/elcafedepipa.com\/index.php\/wp-json\/wp\/v2\/posts\/15972","targetHints":{"allow":["GET"]}}],"collection":[{"href":"https:\/\/elcafedepipa.com\/index.php\/wp-json\/wp\/v2\/posts"}],"about":[{"href":"https:\/\/elcafedepipa.com\/index.php\/wp-json\/wp\/v2\/types\/post"}],"author":[{"embeddable":true,"href":"https:\/\/elcafedepipa.com\/index.php\/wp-json\/wp\/v2\/users\/2"}],"replies":[{"embeddable":true,"href":"https:\/\/elcafedepipa.com\/index.php\/wp-json\/wp\/v2\/comments?post=15972"}],"version-history":[{"count":1,"href":"https:\/\/elcafedepipa.com\/index.php\/wp-json\/wp\/v2\/posts\/15972\/revisions"}],"predecessor-version":[{"id":15974,"href":"https:\/\/elcafedepipa.com\/index.php\/wp-json\/wp\/v2\/posts\/15972\/revisions\/15974"}],"wp:featuredmedia":[{"embeddable":true,"href":"https:\/\/elcafedepipa.com\/index.php\/wp-json\/wp\/v2\/media\/15973"}],"wp:attachment":[{"href":"https:\/\/elcafedepipa.com\/index.php\/wp-json\/wp\/v2\/media?parent=15972"}],"wp:term":[{"taxonomy":"category","embeddable":true,"href":"https:\/\/elcafedepipa.com\/index.php\/wp-json\/wp\/v2\/categories?post=15972"},{"taxonomy":"post_tag","embeddable":true,"href":"https:\/\/elcafedepipa.com\/index.php\/wp-json\/wp\/v2\/tags?post=15972"}],"curies":[{"name":"wp","href":"https:\/\/api.w.org\/{rel}","templated":true}]}}