{"id":15964,"date":"2025-07-25T14:08:43","date_gmt":"2025-07-25T12:08:43","guid":{"rendered":"https:\/\/elcafedepipa.com\/?p=15964"},"modified":"2025-07-25T14:08:44","modified_gmt":"2025-07-25T12:08:44","slug":"la-vall-duixo-inicia-el-compte-enrere-per-a-les-penyes-a-festes-amb-lorquestra-la-flama","status":"publish","type":"post","link":"https:\/\/elcafedepipa.com\/index.php\/2025\/07\/25\/la-vall-duixo-inicia-el-compte-enrere-per-a-les-penyes-a-festes-amb-lorquestra-la-flama\/","title":{"rendered":"La Vall d\u2019Uix\u00f3 inicia el compte enrere per a les Penyes a Festes amb l\u2019Orquestra La Flama"},"content":{"rendered":"\n<p><strong>Dem\u00e0 se celebra el sorteig de cadafals i ja s&#8217;estan ultimant els preparatius per a la setmana gran del 2 al 10 d&#8217;agost<\/strong><\/p>\n\n\n\n<p>La Vall d\u2019Uix\u00f3 ja ha comen\u00e7at el compte enrere per a les Penyes a Festes. Al recinte de festes ja s&#8217;est\u00e0 ultimant el muntatge de l&#8217;escenari i de la zona de carpes, perqu\u00e8 dem\u00e0 estiga a punt per a la pr\u00e8via de la setmana gran: el sorteig de cadafals. Ser\u00e0 a les 23.30 hores amb l&#8217;Orquestra La Flama.<\/p>\n\n\n\n<p>Dilluns comen\u00e7ar\u00e0 el muntatge de la tanca dels tancaments i dimarts de la pla\u00e7a de bous. En aquest sentit, el regidor de Festes, Ximo Zorrilla, ha agra\u00eft la implicaci\u00f3 de l&#8217;associaci\u00f3 de les Penyes a Festes i el treball dels serveis municipals (brigada municipal, Policia Local, Protecci\u00f3 Civil, neteja, etc) \u201cque s\u00f3n imprescindibles\u201d.<\/p>\n\n\n\n<p>El president de les Penyes a Festes, H\u00e9ctor Berm\u00fadez, ha convidat a gaudir \u201ctant dem\u00e0 com tota la setmana\u201d als \u201cpenyistes i no penyistes\u201d. I ha destacat els actes del Xupinasso (2 d&#8217;agost), el tancament de bous cerrils d&#8217;Isabel i Samuel Flores (3 d&#8217;agost), el concurs de paelles i disfresses (5 d&#8217;agost), la caldereta i dia de les xarangues (8 d&#8217;agost) i la programaci\u00f3 musical als dos escenaris.<\/p>\n\n\n\n<p>En aquest sentit, el regidor ha remarcat que hi ha un centenar d&#8217;actes &#8220;que fan les festes m\u00e9s participatives i m\u00e9s plurals&#8221; i ha posat en valor la zona gastron\u00f2mica &#8220;que creem amb l&#8217;objectiu d&#8217;obrir les Penyes a Festes i s&#8217;ha aconseguit&#8221;. Tamb\u00e9 ha fet una crida &#8220;al civisme, i la conviv\u00e8ncia&#8221; per &#8220;participar amb respecte, perqu\u00e8 no tota la gent est\u00e0 de festa&#8221;.<\/p>\n\n\n\n<p>Durant la setmana del 2 al 10 d&#8217;agost s&#8217;ha preparat un dispositiu especial de seguretat, neteja i sanitari, amb refor\u00e7os als actes m\u00e9s massius. A m\u00e9s, s&#8217;instal\u00b7lar\u00e0 un punt violeta per garantir unes festes igualit\u00e0ries, conscienciar i prevenir qualsevol tipus de viol\u00e8ncia masclista.<\/p>\n\n\n\n<figure class=\"wp-block-image size-large\"><img fetchpriority=\"high\" decoding=\"async\" width=\"1024\" height=\"768\" src=\"https:\/\/elcafedepipa.com\/wp-content\/uploads\/2025\/07\/montaje-penyes-2-1024x768.jpeg\" alt=\"\" class=\"wp-image-15966\" srcset=\"https:\/\/elcafedepipa.com\/wp-content\/uploads\/2025\/07\/montaje-penyes-2-1024x768.jpeg 1024w, https:\/\/elcafedepipa.com\/wp-content\/uploads\/2025\/07\/montaje-penyes-2-300x225.jpeg 300w, https:\/\/elcafedepipa.com\/wp-content\/uploads\/2025\/07\/montaje-penyes-2-768x576.jpeg 768w, https:\/\/elcafedepipa.com\/wp-content\/uploads\/2025\/07\/montaje-penyes-2-1536x1152.jpeg 1536w, https:\/\/elcafedepipa.com\/wp-content\/uploads\/2025\/07\/montaje-penyes-2.jpeg 1600w\" sizes=\"(max-width: 1024px) 100vw, 1024px\" \/><\/figure>\n","protected":false},"excerpt":{"rendered":"<p>Dem\u00e0 se celebra el sorteig de cadafals i ja s&#8217;estan ultimant els preparatius per a la setmana gran del 2 al 10 d&#8217;agost La Vall d\u2019Uix\u00f3 ja ha comen\u00e7at el compte enrere per a les Penyes a Festes. Al recinte de festes ja s&#8217;est\u00e0 ultimant el muntatge de l&#8217;escenari i de la zona de carpes, &#8230; <a title=\"La Vall d\u2019Uix\u00f3 inicia el compte enrere per a les Penyes a Festes amb l\u2019Orquestra La Flama\" class=\"read-more\" href=\"https:\/\/elcafedepipa.com\/index.php\/2025\/07\/25\/la-vall-duixo-inicia-el-compte-enrere-per-a-les-penyes-a-festes-amb-lorquestra-la-flama\/\" aria-label=\"M\u00e9s informaci\u00f3 sobre La Vall d\u2019Uix\u00f3 inicia el compte enrere per a les Penyes a Festes amb l\u2019Orquestra La Flama\">Read more<\/a><\/p>\n","protected":false},"author":2,"featured_media":15965,"comment_status":"closed","ping_status":"closed","sticky":false,"template":"","format":"standard","meta":{"om_disable_all_campaigns":false,"_monsterinsights_skip_tracking":false,"_monsterinsights_sitenote_active":false,"_monsterinsights_sitenote_note":"","_monsterinsights_sitenote_category":0,"_uf_show_specific_survey":0,"_uf_disable_surveys":false,"footnotes":""},"categories":[1],"tags":[],"class_list":["post-15964","post","type-post","status-publish","format-standard","has-post-thumbnail","hentry","category-non-classe"],"_links":{"self":[{"href":"https:\/\/elcafedepipa.com\/index.php\/wp-json\/wp\/v2\/posts\/15964","targetHints":{"allow":["GET"]}}],"collection":[{"href":"https:\/\/elcafedepipa.com\/index.php\/wp-json\/wp\/v2\/posts"}],"about":[{"href":"https:\/\/elcafedepipa.com\/index.php\/wp-json\/wp\/v2\/types\/post"}],"author":[{"embeddable":true,"href":"https:\/\/elcafedepipa.com\/index.php\/wp-json\/wp\/v2\/users\/2"}],"replies":[{"embeddable":true,"href":"https:\/\/elcafedepipa.com\/index.php\/wp-json\/wp\/v2\/comments?post=15964"}],"version-history":[{"count":1,"href":"https:\/\/elcafedepipa.com\/index.php\/wp-json\/wp\/v2\/posts\/15964\/revisions"}],"predecessor-version":[{"id":15967,"href":"https:\/\/elcafedepipa.com\/index.php\/wp-json\/wp\/v2\/posts\/15964\/revisions\/15967"}],"wp:featuredmedia":[{"embeddable":true,"href":"https:\/\/elcafedepipa.com\/index.php\/wp-json\/wp\/v2\/media\/15965"}],"wp:attachment":[{"href":"https:\/\/elcafedepipa.com\/index.php\/wp-json\/wp\/v2\/media?parent=15964"}],"wp:term":[{"taxonomy":"category","embeddable":true,"href":"https:\/\/elcafedepipa.com\/index.php\/wp-json\/wp\/v2\/categories?post=15964"},{"taxonomy":"post_tag","embeddable":true,"href":"https:\/\/elcafedepipa.com\/index.php\/wp-json\/wp\/v2\/tags?post=15964"}],"curies":[{"name":"wp","href":"https:\/\/api.w.org\/{rel}","templated":true}]}}