{"id":15961,"date":"2025-07-25T13:44:19","date_gmt":"2025-07-25T11:44:19","guid":{"rendered":"https:\/\/elcafedepipa.com\/?p=15961"},"modified":"2025-07-25T13:44:20","modified_gmt":"2025-07-25T11:44:20","slug":"nules-fa-balanc-de-les-actuacions-fetes-despres-del-temporal","status":"publish","type":"post","link":"https:\/\/elcafedepipa.com\/index.php\/2025\/07\/25\/nules-fa-balanc-de-les-actuacions-fetes-despres-del-temporal\/","title":{"rendered":"Nules fa balan\u00e7 de les actuacions fetes despr\u00e9s del temporal"},"content":{"rendered":"\n<p><strong>El personal de la brigada d\u2019obres i serveis ha portat a terme tasques d\u2019emerg\u00e8ncia durant el cap de setmana de la pedregada<\/strong><\/p>\n\n\n\n<p>L\u2019Ajuntament de Nules ha fet balan\u00e7 de les actuacions realitzades despr\u00e9s de l\u2019\u00faltim temporal registrat el passat 12 de juliol, dia en el qual el municipi de Nules &nbsp;va patir un fort temporal caracteritzat per intenses pluges, pedra de gran&nbsp; mida, i ratxes de vent molt fortes, que van provocar nombrosos danys materials i obstruccions a la via p\u00fablica.<\/p>\n\n\n\n<p>Davant aquesta situaci\u00f3 el mateix dia, i despr\u00e9s d\u2019una valoraci\u00f3 inicial de la situaci\u00f3, es va activar al personal de la Brigada d\u2019Obres i Serveis per a dur a terme eixe mateix dissabte les tasques d\u2019emerg\u00e8ncia necess\u00e0ries amb l\u2019objectiu de restablir la normalitat i garantir la seguretat ciutadana.<\/p>\n\n\n\n<p>Entre les actuacions d\u2019emerg\u00e8ncia portades a terme dissabte, 12 de juliol, i diumenge, 13 de juliol, cal destacar com a priorit\u00e0ries la retirada d\u2019obstacles que impedien la mobilitat de persones i de vehicles, aix\u00ed com la senyalitzaci\u00f3 i abalisament de les zones perilloses.<\/p>\n\n\n\n<p>Altres actuacions immediates varen ser la retirada d\u2019arbres caiguts i branques trencades; recollida d\u2019objectes arrastrats pel vent; senyalitzaci\u00f3 de riscs i abalisament de zones perilloses; reposici\u00f3 i retirada de mobiliari urb\u00e0 danyat; neteja d\u2019 embossaments d\u2019embornals; o la retirada d\u2019animals morts.<\/p>\n\n\n\n<p>\u201cLes primeres intervencions es varen centrar a assegurar accessos i garantir la mobilitat en tot el terme municipal\u201d, comenta el regidor de la Brigada d\u2019Obres i Serveis, Ram\u00f3n Lucas.<\/p>\n\n\n\n<p>Aix\u00ed mateix, una vegada assegurats els principals accessos i eliminades les situacions de major risc, els dies posteriors es va prosseguir amb diferents tasques de neteja i retirada de restes vegetals i materials.<\/p>\n\n\n\n<p>Amb tot, des de la regidoria de Brigada d\u2019Obres i Serveis s\u2019assenyala que \u201cgr\u00e0cies a la r\u00e0pida mobilitzaci\u00f3 del personal de la Brigada d\u2019Obres i Serveis i la seua implicaci\u00f3 durant eixe cap de setmana, es va aconseguir restablir la circulaci\u00f3 i garantir la seguretat ciutadana en un curt per\u00edode &nbsp;de temps. De fet, les actuacions continuaren durant els dies seg\u00fcents per a resoldre completament els efectes del temporal\u201d, comenta Ram\u00f3n Lucas qui conclou que \u201cla col\u00b7laboraci\u00f3 i la planificaci\u00f3 efica\u00e7 van permetre una resposta ordenada davant una situaci\u00f3 d\u2019emerg\u00e8ncia climatol\u00f2gica\u201d.&nbsp; &nbsp;<\/p>\n","protected":false},"excerpt":{"rendered":"<p>El personal de la brigada d\u2019obres i serveis ha portat a terme tasques d\u2019emerg\u00e8ncia durant el cap de setmana de la pedregada L\u2019Ajuntament de Nules ha fet balan\u00e7 de les actuacions realitzades despr\u00e9s de l\u2019\u00faltim temporal registrat el passat 12 de juliol, dia en el qual el municipi de Nules &nbsp;va patir un fort temporal &#8230; <a title=\"Nules fa balan\u00e7 de les actuacions fetes despr\u00e9s del temporal\" class=\"read-more\" href=\"https:\/\/elcafedepipa.com\/index.php\/2025\/07\/25\/nules-fa-balanc-de-les-actuacions-fetes-despres-del-temporal\/\" aria-label=\"M\u00e9s informaci\u00f3 sobre Nules fa balan\u00e7 de les actuacions fetes despr\u00e9s del temporal\">Read more<\/a><\/p>\n","protected":false},"author":2,"featured_media":15962,"comment_status":"closed","ping_status":"closed","sticky":false,"template":"","format":"standard","meta":{"om_disable_all_campaigns":false,"_monsterinsights_skip_tracking":false,"_monsterinsights_sitenote_active":false,"_monsterinsights_sitenote_note":"","_monsterinsights_sitenote_category":0,"_uf_show_specific_survey":0,"_uf_disable_surveys":false,"footnotes":""},"categories":[3],"tags":[],"class_list":["post-15961","post","type-post","status-publish","format-standard","has-post-thumbnail","hentry","category-nules"],"_links":{"self":[{"href":"https:\/\/elcafedepipa.com\/index.php\/wp-json\/wp\/v2\/posts\/15961","targetHints":{"allow":["GET"]}}],"collection":[{"href":"https:\/\/elcafedepipa.com\/index.php\/wp-json\/wp\/v2\/posts"}],"about":[{"href":"https:\/\/elcafedepipa.com\/index.php\/wp-json\/wp\/v2\/types\/post"}],"author":[{"embeddable":true,"href":"https:\/\/elcafedepipa.com\/index.php\/wp-json\/wp\/v2\/users\/2"}],"replies":[{"embeddable":true,"href":"https:\/\/elcafedepipa.com\/index.php\/wp-json\/wp\/v2\/comments?post=15961"}],"version-history":[{"count":1,"href":"https:\/\/elcafedepipa.com\/index.php\/wp-json\/wp\/v2\/posts\/15961\/revisions"}],"predecessor-version":[{"id":15963,"href":"https:\/\/elcafedepipa.com\/index.php\/wp-json\/wp\/v2\/posts\/15961\/revisions\/15963"}],"wp:featuredmedia":[{"embeddable":true,"href":"https:\/\/elcafedepipa.com\/index.php\/wp-json\/wp\/v2\/media\/15962"}],"wp:attachment":[{"href":"https:\/\/elcafedepipa.com\/index.php\/wp-json\/wp\/v2\/media?parent=15961"}],"wp:term":[{"taxonomy":"category","embeddable":true,"href":"https:\/\/elcafedepipa.com\/index.php\/wp-json\/wp\/v2\/categories?post=15961"},{"taxonomy":"post_tag","embeddable":true,"href":"https:\/\/elcafedepipa.com\/index.php\/wp-json\/wp\/v2\/tags?post=15961"}],"curies":[{"name":"wp","href":"https:\/\/api.w.org\/{rel}","templated":true}]}}