{"id":15958,"date":"2025-07-25T13:33:33","date_gmt":"2025-07-25T11:33:33","guid":{"rendered":"https:\/\/elcafedepipa.com\/?p=15958"},"modified":"2025-07-25T13:33:34","modified_gmt":"2025-07-25T11:33:34","slug":"el-pp-de-la-vall-proposa-un-front-comu-per-a-exigir-a-la-chj-la-neteja-del-llit-del-riu-belcaire","status":"publish","type":"post","link":"https:\/\/elcafedepipa.com\/index.php\/2025\/07\/25\/el-pp-de-la-vall-proposa-un-front-comu-per-a-exigir-a-la-chj-la-neteja-del-llit-del-riu-belcaire\/","title":{"rendered":"El PP de la Vall proposa un front com\u00fa per a exigir a la CHJ la neteja del llit del riu Belcaire"},"content":{"rendered":"\n<p><strong>El Partit Popular de la Vall d&#8217;Uix\u00f3 ha presentat una iniciativa per al seu debat en el pr\u00f2xim ple que proposa un front com\u00fa, amb totes les forces pol\u00edtiques com a aliades, que exigisca de la Confederaci\u00f3 Hidrogr\u00e0fica del X\u00faquer la neteja del llit del riu Belcaire.<\/strong><\/p>\n\n\n\n<p>Aix\u00ed ho ha plantejat el portaveu del PP en el municipi, Herminio Serra, qui recorda que \u201cl&#8217;\u00fanic competent en el riu Belcaire \u00e9s la CHJ. \u00c9s a ella a la qual ens dirigim perqu\u00e8 netege amb car\u00e0cter immediat l&#8217;acumulaci\u00f3 de residus i restes vegetals que en estos moments copen el llit i que provocarien greus riscos en cas de fortes pluges i avingudes d&#8217;aigua\u201d.<\/p>\n\n\n\n<p>\u201cVolem previndre\u201d, ha sentenciat Serra. \u201cI per aix\u00f2 apel\u00b7lem a l&#8217;administraci\u00f3 competent, l&#8217;\u00fanica que t\u00e9 l&#8217;obligaci\u00f3 de netejar el llit i que t\u00e9 delegades estes funcions per llei. \u00c9s el seu deure netejar i mantindre en condicions \u00f2ptimes el llit del nostre riu\u201d, ha recordat el regidor.<\/p>\n\n\n\n<p>La iniciativa planteja implicar tamb\u00e9 la Conselleria de Territori en la defensa d&#8217;esta intervenci\u00f3. \u201cDemanem que se sume a la demanda que remetem a la CHJ perqu\u00e8 es donen solucions a tots estos problemes\u201d. Perqu\u00e8 \u201cla imatge, a m\u00e9s dels riscos que hem d&#8217;evitar, no podem projectar esta imatge d&#8217;aband\u00f3 als 200.000 visitants que ens descobrixen cada any\u201d.<\/p>\n\n\n\n<p>En este sentit, Serra apel\u00b7la \u201ca la responsabilitat de totes les forces pol\u00edtiques\u201d. La moci\u00f3 que presenta el PP \u201ct\u00e9 per objectiu que la CHJ complisca les seues obligacions\u201d. Al mateix temps, exigix del consistori establir un calendari anual per a fixar labors de conservaci\u00f3 de l&#8217;entorn, \u201cde manera que l&#8217;autoritzaci\u00f3 de les mateixes estiga prevista\u201d. \u201cVolem evitar, abans de res, els riscos sobre les persones\u201d.<\/p>\n\n\n\n<p>\u201cEstem anticipant-nos als problemes que puguen arribar en cas d&#8217;un episodi de fortes pluges. Estem treballant amb la deguda antelaci\u00f3 perqu\u00e8 la Vall estiga segura davant una hipot\u00e8tica avinguda d&#8217;aig\u00fces. I estem exigint inversi\u00f3 perqu\u00e8 la porta d&#8217;entrada a la Serra Espad\u00e0 siga de conservaci\u00f3, no d&#8217;aband\u00f3. Confiem que aix\u00ed ho entenguen la resta de forces pol\u00edtiques\u201d, ha considerat el regidor del PP.<\/p>\n","protected":false},"excerpt":{"rendered":"<p>El Partit Popular de la Vall d&#8217;Uix\u00f3 ha presentat una iniciativa per al seu debat en el pr\u00f2xim ple que proposa un front com\u00fa, amb totes les forces pol\u00edtiques com a aliades, que exigisca de la Confederaci\u00f3 Hidrogr\u00e0fica del X\u00faquer la neteja del llit del riu Belcaire. Aix\u00ed ho ha plantejat el portaveu del PP &#8230; <a title=\"El PP de la Vall proposa un front com\u00fa per a exigir a la CHJ la neteja del llit del riu Belcaire\" class=\"read-more\" href=\"https:\/\/elcafedepipa.com\/index.php\/2025\/07\/25\/el-pp-de-la-vall-proposa-un-front-comu-per-a-exigir-a-la-chj-la-neteja-del-llit-del-riu-belcaire\/\" aria-label=\"M\u00e9s informaci\u00f3 sobre El PP de la Vall proposa un front com\u00fa per a exigir a la CHJ la neteja del llit del riu Belcaire\">Read more<\/a><\/p>\n","protected":false},"author":2,"featured_media":15959,"comment_status":"closed","ping_status":"closed","sticky":false,"template":"","format":"standard","meta":{"om_disable_all_campaigns":false,"_monsterinsights_skip_tracking":false,"_monsterinsights_sitenote_active":false,"_monsterinsights_sitenote_note":"","_monsterinsights_sitenote_category":0,"_uf_show_specific_survey":0,"_uf_disable_surveys":false,"footnotes":""},"categories":[1],"tags":[],"class_list":["post-15958","post","type-post","status-publish","format-standard","has-post-thumbnail","hentry","category-non-classe"],"_links":{"self":[{"href":"https:\/\/elcafedepipa.com\/index.php\/wp-json\/wp\/v2\/posts\/15958","targetHints":{"allow":["GET"]}}],"collection":[{"href":"https:\/\/elcafedepipa.com\/index.php\/wp-json\/wp\/v2\/posts"}],"about":[{"href":"https:\/\/elcafedepipa.com\/index.php\/wp-json\/wp\/v2\/types\/post"}],"author":[{"embeddable":true,"href":"https:\/\/elcafedepipa.com\/index.php\/wp-json\/wp\/v2\/users\/2"}],"replies":[{"embeddable":true,"href":"https:\/\/elcafedepipa.com\/index.php\/wp-json\/wp\/v2\/comments?post=15958"}],"version-history":[{"count":1,"href":"https:\/\/elcafedepipa.com\/index.php\/wp-json\/wp\/v2\/posts\/15958\/revisions"}],"predecessor-version":[{"id":15960,"href":"https:\/\/elcafedepipa.com\/index.php\/wp-json\/wp\/v2\/posts\/15958\/revisions\/15960"}],"wp:featuredmedia":[{"embeddable":true,"href":"https:\/\/elcafedepipa.com\/index.php\/wp-json\/wp\/v2\/media\/15959"}],"wp:attachment":[{"href":"https:\/\/elcafedepipa.com\/index.php\/wp-json\/wp\/v2\/media?parent=15958"}],"wp:term":[{"taxonomy":"category","embeddable":true,"href":"https:\/\/elcafedepipa.com\/index.php\/wp-json\/wp\/v2\/categories?post=15958"},{"taxonomy":"post_tag","embeddable":true,"href":"https:\/\/elcafedepipa.com\/index.php\/wp-json\/wp\/v2\/tags?post=15958"}],"curies":[{"name":"wp","href":"https:\/\/api.w.org\/{rel}","templated":true}]}}