{"id":15955,"date":"2025-07-25T13:28:29","date_gmt":"2025-07-25T11:28:29","guid":{"rendered":"https:\/\/elcafedepipa.com\/?p=15955"},"modified":"2025-07-25T13:28:30","modified_gmt":"2025-07-25T11:28:30","slug":"compromis-presenta-alternatives-sostenibles-al-poligon-del-barranc-de-talavera-i-alerta-dels-riscos-reals-per-al-poble","status":"publish","type":"post","link":"https:\/\/elcafedepipa.com\/index.php\/2025\/07\/25\/compromis-presenta-alternatives-sostenibles-al-poligon-del-barranc-de-talavera-i-alerta-dels-riscos-reals-per-al-poble\/","title":{"rendered":"Comprom\u00eds presenta alternatives sostenibles al pol\u00edgon del Barranc de Talavera i alerta dels riscos reals per al poble"},"content":{"rendered":"\n<p><strong>Castell\u00f3: \u201cAbans de vendre s\u00f2l a empreses de fora, cal invertir en el dia a dia del poble\u201d<\/strong><\/p>\n\n\n\n<p>Comprom\u00eds per Almenara ha volgut fer p\u00fablica la seua oposici\u00f3 al projecte del pol\u00edgon industrial previst a la zona del Barranc de Talavera, una iniciativa urban\u00edstica que, segons el portaveu local Quique Castell\u00f3, \u201csuposa una amena\u00e7a directa per a la seguretat de les ve\u00efnes i ve\u00efns, per al nostre patrimoni hist\u00f2ric i per al futur sostenible del municipi\u201d.<\/p>\n\n\n\n<p>La formaci\u00f3 valencianista considera que, tot i que el projecte ha rebut informes t\u00e8cnics favorables, aquests s\u2019han aconseguit \u201cpels p\u00e8ls\u201d, sense aportar garanties suficients davant dels riscos ambientals i urban\u00edstics. En aquest sentit, Castell\u00f3 denuncia que s\u2019estan for\u00e7ant els criteris t\u00e8cnics per justificar una operaci\u00f3 amb clars interessos privats, obviant el b\u00e9 com\u00fa.<\/p>\n\n\n\n<p>\u201cEls informes t\u00e8cnics han sigut favorables, s\u00ed, per\u00f2 per un marge molt estret i amb moltes q\u00fcestions en el fil. I aix\u00f2 no \u00e9s acceptable quan estem parlant d\u2019una zona que ha patit greus inundacions en el passat i que est\u00e0 a tocar de llocs tan emblem\u00e0tics com l\u2019Ag\u00fcelet o el Castell\u201d, afirma Castell\u00f3.<\/p>\n\n\n\n<p>Davant aquesta situaci\u00f3, Comprom\u00eds ha presentat tres propostes alternatives per reorientar el model de desenvolupament local d\u2019Almenara:<\/p>\n\n\n\n<h3 class=\"wp-block-heading\"><a><\/a><strong>Un nou plantejament territorial m\u00e9s respectu\u00f3s<\/strong><\/h3>\n\n\n\n<p>En primer lloc, proposen reubicar qualsevol desenvolupament industrial cap a zones ja degradades o pol\u00edgons existents que actualment estan infrautilitzats. L\u2019objectiu \u00e9s evitar una nova destrucci\u00f3 del territori agr\u00edcola i natural \u2014especialment del barranc i de l\u2019horta pr\u00f2xima\u2014 i aprofitar infraestructures ja existents. Aix\u00ed, s\u2019aposta per un creixement ordenat, sostenible i compatible amb els valors del paisatge local.<\/p>\n\n\n\n<p>\u201cNo podem continuar construint sense un model clar, i menys encara sobre zones de risc i valor paisatg\u00edstic. Cal aprovar, d\u2019una vegada per totes, un Pla General d\u2019Ordenaci\u00f3 Urbana (PGOU) que permeta cr\u00e9ixer amb cap, amb consens i amb criteris t\u00e8cnics rigorosos\u201d, ha assenyalat Castell\u00f3.<\/p>\n\n\n\n<h3 class=\"wp-block-heading\"><a><\/a><strong>M\u00e9s treball, per\u00f2 digne i arrelat al territori<\/strong><\/h3>\n\n\n\n<p>En segon lloc, Comprom\u00eds reclama un pla municipal per fomentar el treball digne a trav\u00e9s del suport a l\u2019economia local, ecol\u00f2gica i sostenible. La proposta inclou incentius a empreses que aposten per l\u2019agricultura de proximitat, el turisme cultural i natural, els serveis a les persones i l\u2019economia circular.<\/p>\n\n\n\n<p>\u201cNo estem en contra de la creaci\u00f3 de llocs de treball, al contrari. Per\u00f2 no volem un model que nom\u00e9s genere ocupaci\u00f3 prec\u00e0ria i explotaci\u00f3 del territori. Necessitem una economia que arrele a Almenara, que siga estable, i que tinga futur\u201d, explica el portaveu.<\/p>\n\n\n\n<h3 class=\"wp-block-heading\"><a><\/a><strong>Cura del poble i dels serveis p\u00fablics<\/strong><\/h3>\n\n\n\n<p>Finalment, Comprom\u00eds reclama que abans de fer grans inversions urban\u00edstiques, l\u2019Ajuntament hauria de prioritzar la millora del manteniment del poble i el refor\u00e7 dels serveis p\u00fablics. Castell\u00f3 denuncia que hi ha zones del municipi on es nota la deixadesa en la neteja, la manca de manteniment i la precarietat en serveis essencials com la sanitat, el transport o l\u2019atenci\u00f3 social.<\/p>\n\n\n\n<p>\u201cAbans de vendre s\u00f2l a empreses de fora, cal invertir en el dia a dia del poble. En cuidar el que ja tenim. Perqu\u00e8 un poble ben cuidat i amb serveis p\u00fablics pot ser molt m\u00e9s atractiu, tant per viure-hi com per treballar-hi.\u201d<\/p>\n\n\n\n<h3 class=\"wp-block-heading\"><a><\/a><strong>Riscos innegables i manca de planificaci\u00f3<\/strong><\/h3>\n\n\n\n<p>Comprom\u00eds ja havia alertat en diverses ocasions que el pol\u00edgon previst al Barranc de Talavera es troba en una zona amb risc d\u2019inundaci\u00f3, que ha patit episodis greus en anys anteriors. Tamb\u00e9 han assenyalat que l\u2019impacte visual i ambiental sobre espais patrimonials com el Castell o el paratge de l\u2019Ag\u00fcelet seria molt negatiu, i que el projecte s\u2019est\u00e0 impulsant sense una planificaci\u00f3 urban\u00edstica global.<\/p>\n\n\n\n<p>\u201cAquest pol\u00edgon es planteja de manera a\u00efllada, sense un pla general aprovat i sense una estrat\u00e8gia territorial clara. Aix\u00f2 no \u00e9s nom\u00e9s una mala manera de fer pol\u00edtica urban\u00edstica: \u00e9s irresponsable.\u201d<\/p>\n\n\n\n<p>Des de Comprom\u00eds per Almenara, fan una crida a la ciutadania perqu\u00e8 s\u2019informe i participe activament en la defensa del territori i del model de poble. \u201cVolem cr\u00e9ixer, s\u00ed, per\u00f2 amb seny, amb just\u00edcia social i amb respecte pel nostre entorn. No volem hipoteques ni aventures urban\u00edstiques que posen en perill el que som\u201d, conclou Quique Castell\u00f3.<\/p>\n\n\n\n<p><\/p>\n","protected":false},"excerpt":{"rendered":"<p>Castell\u00f3: \u201cAbans de vendre s\u00f2l a empreses de fora, cal invertir en el dia a dia del poble\u201d Comprom\u00eds per Almenara ha volgut fer p\u00fablica la seua oposici\u00f3 al projecte del pol\u00edgon industrial previst a la zona del Barranc de Talavera, una iniciativa urban\u00edstica que, segons el portaveu local Quique Castell\u00f3, \u201csuposa una amena\u00e7a directa &#8230; <a title=\"Comprom\u00eds presenta alternatives sostenibles al pol\u00edgon del Barranc de Talavera i alerta dels riscos reals per al poble\" class=\"read-more\" href=\"https:\/\/elcafedepipa.com\/index.php\/2025\/07\/25\/compromis-presenta-alternatives-sostenibles-al-poligon-del-barranc-de-talavera-i-alerta-dels-riscos-reals-per-al-poble\/\" aria-label=\"M\u00e9s informaci\u00f3 sobre Comprom\u00eds presenta alternatives sostenibles al pol\u00edgon del Barranc de Talavera i alerta dels riscos reals per al poble\">Read more<\/a><\/p>\n","protected":false},"author":2,"featured_media":15956,"comment_status":"closed","ping_status":"closed","sticky":false,"template":"","format":"standard","meta":{"om_disable_all_campaigns":false,"_monsterinsights_skip_tracking":false,"_monsterinsights_sitenote_active":false,"_monsterinsights_sitenote_note":"","_monsterinsights_sitenote_category":0,"_uf_show_specific_survey":0,"_uf_disable_surveys":false,"footnotes":""},"categories":[5],"tags":[],"class_list":["post-15955","post","type-post","status-publish","format-standard","has-post-thumbnail","hentry","category-almenara"],"_links":{"self":[{"href":"https:\/\/elcafedepipa.com\/index.php\/wp-json\/wp\/v2\/posts\/15955","targetHints":{"allow":["GET"]}}],"collection":[{"href":"https:\/\/elcafedepipa.com\/index.php\/wp-json\/wp\/v2\/posts"}],"about":[{"href":"https:\/\/elcafedepipa.com\/index.php\/wp-json\/wp\/v2\/types\/post"}],"author":[{"embeddable":true,"href":"https:\/\/elcafedepipa.com\/index.php\/wp-json\/wp\/v2\/users\/2"}],"replies":[{"embeddable":true,"href":"https:\/\/elcafedepipa.com\/index.php\/wp-json\/wp\/v2\/comments?post=15955"}],"version-history":[{"count":1,"href":"https:\/\/elcafedepipa.com\/index.php\/wp-json\/wp\/v2\/posts\/15955\/revisions"}],"predecessor-version":[{"id":15957,"href":"https:\/\/elcafedepipa.com\/index.php\/wp-json\/wp\/v2\/posts\/15955\/revisions\/15957"}],"wp:featuredmedia":[{"embeddable":true,"href":"https:\/\/elcafedepipa.com\/index.php\/wp-json\/wp\/v2\/media\/15956"}],"wp:attachment":[{"href":"https:\/\/elcafedepipa.com\/index.php\/wp-json\/wp\/v2\/media?parent=15955"}],"wp:term":[{"taxonomy":"category","embeddable":true,"href":"https:\/\/elcafedepipa.com\/index.php\/wp-json\/wp\/v2\/categories?post=15955"},{"taxonomy":"post_tag","embeddable":true,"href":"https:\/\/elcafedepipa.com\/index.php\/wp-json\/wp\/v2\/tags?post=15955"}],"curies":[{"name":"wp","href":"https:\/\/api.w.org\/{rel}","templated":true}]}}