{"id":15952,"date":"2025-07-25T12:47:18","date_gmt":"2025-07-25T10:47:18","guid":{"rendered":"https:\/\/elcafedepipa.com\/?p=15952"},"modified":"2025-07-25T12:47:19","modified_gmt":"2025-07-25T10:47:19","slug":"la-diputacio-de-castello-dona-la-benvinguda-als-xiquets-i-xiquetes-sahrauis-del-programa-vacacions-en-pau","status":"publish","type":"post","link":"https:\/\/elcafedepipa.com\/index.php\/2025\/07\/25\/la-diputacio-de-castello-dona-la-benvinguda-als-xiquets-i-xiquetes-sahrauis-del-programa-vacacions-en-pau\/","title":{"rendered":"La Diputaci\u00f3 de Castell\u00f3 dona la benvinguda als xiquets i xiquetes sahrau\u00eds del programa \u2018Vacacions en Pau\u2019"},"content":{"rendered":"\n<p>La diputada de Benestar Social, Marisa Torl\u00e0, i la diputada de Joventut, Mar\u00eda Tormo, han rebut este divendres, en el Palau Provincial, a 10 dels 18 xiquets i xiquetes sahrau\u00eds, arribats des del campament de refugiats de Tinduff (Alg\u00e8ria), que venen a la prov\u00edncia de Castell\u00f3 a passar l&#8217;estiu gr\u00e0cies al programa \u2018Vacacions en Pau\u2019 que organitza l&#8217;Associaci\u00f3 Ajuda al poble Sahrau\u00ed SMARA i que compta amb la col\u00b7laboraci\u00f3 de la instituci\u00f3 provincial.<\/p>\n\n\n\n<p>Un programa que, tal com ha enaltit la diputada Marisa Torl\u00e0, \u201crepresenta la solidaritat castellonenca amb el poble sahrau\u00ed molt consolidat i de gran acceptaci\u00f3 per part de les fam\u00edlies d&#8217;acolliment, com pels xiquets i xiquetes que participen\u201d.<\/p>\n\n\n\n<p>Es tracta d&#8217;un projecte que beneficia tant a les fam\u00edlies que reben als xiquets cada estiu, com als propis xiquets, ja que els permet escapar de les extremes temperatures del desert i accedir a millors condicions d&#8217;alimentaci\u00f3, oci, educaci\u00f3 i atenci\u00f3 sanit\u00e0ria.<\/p>\n\n\n\n<p>En este sentit, la diputada de Benestar Social ha posat en valor el paper \u201cfonamental\u201d de les fam\u00edlies d&#8217;acolliment, posant l&#8217;accent que \u201cs\u00f3n el pilar central del programa i les verdaderes protagonistes d&#8217;esta cadena de generositat\u201d, ja que, \u201csense fam\u00edlies, no hi hauria xiquets\u201d, ha assegurat Torl\u00e0. Pel que ha agra\u00eft a totes elles \u201cel seu comprom\u00eds, sensibilitat i solidaritat amb el poble sahrau\u00ed\u201d.<\/p>\n\n\n\n<p>Precisament, la solidaritat i hospitalitat s\u00f3n la senya d&#8217;identitat de la prov\u00edncia de Castell\u00f3 i per aix\u00f2 no podia faltar el suport de la Diputaci\u00f3 Provincial a este projecte. La instituci\u00f3 provincial col\u00b7labora amb l&#8217;Associaci\u00f3 SMARA a trav\u00e9s d&#8217;una subvenci\u00f3 directa de 5.000 euros perqu\u00e8 el projecte de viatges de xiquets sahrau\u00eds siga possible.<\/p>\n\n\n\n<p>\u201cEn estos dos mesos, els xiquets establiran nous vincles i crearan intercanvis socioculturals entre els propis xiquets i les fam\u00edlies d&#8217;acolliment\u201d, ha assenyalat la diputada de Joventut, Mar\u00eda Tormo, qui ha ressaltat que, un dels objectius principals del programa \u00e9s \u201cenfortir els lla\u00e7os de solidaritat i cooperaci\u00f3 entre diferents cultures i pa\u00efsos\u201d.<\/p>\n\n\n\n<p>Els 18 xiquets i xiquetes podran gaudir d&#8217;unes setmanes de conviv\u00e8ncia, atenci\u00f3 m\u00e8dica i activitats d&#8217;oci \u201cen un entorn segur i afectiu, gr\u00e0cies al comprom\u00eds de les fam\u00edlies i de les entitats que fan possible este projecte any rere any\u201d, ha subratllat Mar\u00eda Tormo.<\/p>\n\n\n\n<p>Aix\u00ed, gr\u00e0cies a este esfor\u00e7 col\u00b7lectiu, els menors accediran a atenci\u00f3 sanit\u00e0ria, activitats educatives i propostes d&#8217;oci que fomenten la conviv\u00e8ncia, establisquen lla\u00e7os d&#8217;amistat i solidaritat, i cooperaci\u00f3 entre diferents cultures i pa\u00efsos.<\/p>\n\n\n\n<p>\u201cVolem que esta experi\u00e8ncia, este viatge a Castell\u00f3, siga un temps de creixement, aprenentatge i de cura integral per a cada xiquet i xiqueta. Un temps de tranquil\u00b7litat i felicitat per a tots estos xiquets que compartiran l&#8217;estiu entre nosaltres\u201d, ha destacat la diputada de Joventut.<\/p>\n","protected":false},"excerpt":{"rendered":"<p>La diputada de Benestar Social, Marisa Torl\u00e0, i la diputada de Joventut, Mar\u00eda Tormo, han rebut este divendres, en el Palau Provincial, a 10 dels 18 xiquets i xiquetes sahrau\u00eds, arribats des del campament de refugiats de Tinduff (Alg\u00e8ria), que venen a la prov\u00edncia de Castell\u00f3 a passar l&#8217;estiu gr\u00e0cies al programa \u2018Vacacions en Pau\u2019 &#8230; <a title=\"La Diputaci\u00f3 de Castell\u00f3 dona la benvinguda als xiquets i xiquetes sahrau\u00eds del programa \u2018Vacacions en Pau\u2019\" class=\"read-more\" href=\"https:\/\/elcafedepipa.com\/index.php\/2025\/07\/25\/la-diputacio-de-castello-dona-la-benvinguda-als-xiquets-i-xiquetes-sahrauis-del-programa-vacacions-en-pau\/\" aria-label=\"M\u00e9s informaci\u00f3 sobre La Diputaci\u00f3 de Castell\u00f3 dona la benvinguda als xiquets i xiquetes sahrau\u00eds del programa \u2018Vacacions en Pau\u2019\">Read more<\/a><\/p>\n","protected":false},"author":2,"featured_media":15953,"comment_status":"closed","ping_status":"closed","sticky":false,"template":"","format":"standard","meta":{"om_disable_all_campaigns":false,"_monsterinsights_skip_tracking":false,"_monsterinsights_sitenote_active":false,"_monsterinsights_sitenote_note":"","_monsterinsights_sitenote_category":0,"_uf_show_specific_survey":0,"_uf_disable_surveys":false,"footnotes":""},"categories":[10],"tags":[],"class_list":["post-15952","post","type-post","status-publish","format-standard","has-post-thumbnail","hentry","category-provinciadecastello"],"_links":{"self":[{"href":"https:\/\/elcafedepipa.com\/index.php\/wp-json\/wp\/v2\/posts\/15952","targetHints":{"allow":["GET"]}}],"collection":[{"href":"https:\/\/elcafedepipa.com\/index.php\/wp-json\/wp\/v2\/posts"}],"about":[{"href":"https:\/\/elcafedepipa.com\/index.php\/wp-json\/wp\/v2\/types\/post"}],"author":[{"embeddable":true,"href":"https:\/\/elcafedepipa.com\/index.php\/wp-json\/wp\/v2\/users\/2"}],"replies":[{"embeddable":true,"href":"https:\/\/elcafedepipa.com\/index.php\/wp-json\/wp\/v2\/comments?post=15952"}],"version-history":[{"count":1,"href":"https:\/\/elcafedepipa.com\/index.php\/wp-json\/wp\/v2\/posts\/15952\/revisions"}],"predecessor-version":[{"id":15954,"href":"https:\/\/elcafedepipa.com\/index.php\/wp-json\/wp\/v2\/posts\/15952\/revisions\/15954"}],"wp:featuredmedia":[{"embeddable":true,"href":"https:\/\/elcafedepipa.com\/index.php\/wp-json\/wp\/v2\/media\/15953"}],"wp:attachment":[{"href":"https:\/\/elcafedepipa.com\/index.php\/wp-json\/wp\/v2\/media?parent=15952"}],"wp:term":[{"taxonomy":"category","embeddable":true,"href":"https:\/\/elcafedepipa.com\/index.php\/wp-json\/wp\/v2\/categories?post=15952"},{"taxonomy":"post_tag","embeddable":true,"href":"https:\/\/elcafedepipa.com\/index.php\/wp-json\/wp\/v2\/tags?post=15952"}],"curies":[{"name":"wp","href":"https:\/\/api.w.org\/{rel}","templated":true}]}}