{"id":15949,"date":"2025-07-25T12:45:26","date_gmt":"2025-07-25T10:45:26","guid":{"rendered":"https:\/\/elcafedepipa.com\/?p=15949"},"modified":"2025-07-25T12:45:27","modified_gmt":"2025-07-25T10:45:27","slug":"la-unio-reclama-a-la-conselleria-dagricultura-una-declaracio-institucional-consensuada-amb-el-sector-productor-contra-la-proposta-del-nou-pressupost-de-la-ue-que-amenaca-la-pac","status":"publish","type":"post","link":"https:\/\/elcafedepipa.com\/index.php\/2025\/07\/25\/la-unio-reclama-a-la-conselleria-dagricultura-una-declaracio-institucional-consensuada-amb-el-sector-productor-contra-la-proposta-del-nou-pressupost-de-la-ue-que-amenaca-la-pac\/","title":{"rendered":"LA UNI\u00d3 reclama a la Conselleria d\u2019Agricultura una declaraci\u00f3 institucional consensuada amb el sector productor contra la proposta del nou pressupost de la UE que amena\u00e7a la PAC"},"content":{"rendered":"\n<p><strong>La proposta europea suposa una reducci\u00f3 del 22% del pressupost de la PAC i la desaparici\u00f3 dels seus pilars tradicionals<\/strong><\/p>\n\n\n\n<p>La Uni\u00f3 Llauradora i Ramadera ha sol\u00b7licitat a la Conselleria d&#8217;Agricultura que fa\u00e7a un front com\u00fa amb el sector agrari de la Comunitat Valenciana per a rebutjar la proposta de reforma de la Pol\u00edtica Agr\u00e0ria Comuna (PAC) i del nou Marc Financer Pluriennal (MFP) per al per\u00edode 2028-2034 presentada per la Comissi\u00f3 Europea.<\/p>\n\n\n\n<p>En aquest sentit, l&#8217;organitzaci\u00f3 reclama la posada en marxa d&#8217;un proc\u00e9s de treball conjunt entre la Conselleria i les organitzacions professionals i cooperatives valencianes per a redactar un document institucional d&#8217;oposici\u00f3 que servisca com a posicionament oficial del sector agrari valenci\u00e0 davant el Govern d&#8217;Espanya i les institucions comunit\u00e0ries.<\/p>\n\n\n\n<p>La proposta comunit\u00e0ria genera preocupaci\u00f3 perqu\u00e8 suposa un canvi profund tant en el finan\u00e7ament com en la governan\u00e7a de la PAC. Es preveu una reducci\u00f3 del 22% en termes nominals (de 387.000 M\u20ac a 300.000 M\u20ac), amb un impacte encara m\u00e9s greu si considerem la inflaci\u00f3 acumulada. La PAC quedaria integrada en fons de desenvolupament nacionals i regionals, amb assignacions estatals discrecionals i aquesta estructura pot provocar una major fragmentaci\u00f3 entre pa\u00efsos i regions, i afebleix el car\u00e0cter com\u00fa d&#8217;una pol\u00edtica essencial per a la cohesi\u00f3 territorial i social europea. A m\u00e9s, es preveu la desaparici\u00f3 dels dos pilars cl\u00e0ssics de la PAC, la qual cosa trenca amb l&#8217;equilibri entre ajudes directes i desenvolupament rural.<\/p>\n\n\n\n<p>Carles Peris, secretari general de LA UNI\u00d3, \u201cconsidera que el nou Marc Financer Pluriennal, tal com est\u00e0 concebut, no sols compromet la viabilitat econ\u00f2mica de milers d&#8217;explotacions, sin\u00f3 que atempta contra el model europeu d&#8217;agricultura i la pr\u00f2pia ra\u00f3 de ser de la PAC\u201d.<\/p>\n\n\n\n<p>Davant aquest escenari, LA UNI\u00d3 demanda a la Conselleria d&#8217;Agricultura que el document conjunt plantege set l\u00ednies estrat\u00e8giques priorit\u00e0ries. La primera que hi haja un blindatge pressupostari sobre la base de la coher\u00e8ncia europea (manteniment de fons FEAGA i FEADER, amb una dotaci\u00f3 incrementada; blindatge del pressupost d&#8217;ajudes directes, ajustat al context inflacionari i als costos de producci\u00f3; evitar la fragmentaci\u00f3 estatal de la PAC i garantir el seu car\u00e0cter com\u00fa entre Estats membres i Comunitats Aut\u00f2nomes).<\/p>\n\n\n\n<p>El segon eix \u00e9s assegurar una rendibilitat econ\u00f2mica i sostenibilitat equilibrada (preus justos, amb mecanismes legals que asseguren cobrir costos de producci\u00f3; protecci\u00f3 de la capacitat productiva davant mesures ambientals excessivament restrictives; compensacions econ\u00f2miques per la reducci\u00f3 d&#8217;emissions de GEI i \u00fas regulat de fitosanitaris que tinga en compte la falta d&#8217;alternatives viables). La tercera l\u00ednia passa per mesures per al relleu generacional i prioritzaci\u00f3 del llaurador professional (impuls decidit al relleu generacional, amb incentius i suport estructural; prioritzaci\u00f3 del professional agrari com a destinatari central de la PAC).<\/p>\n\n\n\n<p>El quart focus que proposa LA UNI\u00d3 \u00e9s el desenvolupament territorial i lluita contra la despoblaci\u00f3 (introducci\u00f3 del criteri de despoblaci\u00f3 com a factor obligatori en l&#8217;assignaci\u00f3 de fons i finan\u00e7ament espec\u00edfic per a zones amb limitacions naturals i sectors vulnerables). La cinquena l\u00ednia estrat\u00e8gica \u00e9s la simplicitat administrativa i estabilitat normativa (simplificaci\u00f3 real de la burocr\u00e0cia, amb adaptaci\u00f3 dels requisits al tipus i grand\u00e0ria de les explotacions, aix\u00ed com normes clares, estables i comprensibles, per a una millor adaptaci\u00f3 i compliment per part del sector).<\/p>\n\n\n\n<p>La sisena \u00e9s la gesti\u00f3 de riscos, infraestructures i digitalitzaci\u00f3 (creaci\u00f3 d&#8217;un sistema europeu de gesti\u00f3 de riscos, per a fer front a fen\u00f2mens clim\u00e0tics, sanitaris o econ\u00f2mics i compatible amb els estatals; modernitzaci\u00f3 de regadius i efici\u00e8ncia h\u00eddrica, amb inversions priorit\u00e0ries en el sud d&#8217;Europa i impuls decidit a la digitalitzaci\u00f3 del sector agrari). Finalment, la setena i no menys important, fa refer\u00e8ncia a la reciprocitat comercial i defensa de l&#8217;equitat (reciprocitat estricta en comer\u00e7 internacional, aplicant als productes importats els mateixos est\u00e0ndards europeus (fitosanitaris, benestar animal, etc.).<\/p>\n","protected":false},"excerpt":{"rendered":"<p>La proposta europea suposa una reducci\u00f3 del 22% del pressupost de la PAC i la desaparici\u00f3 dels seus pilars tradicionals La Uni\u00f3 Llauradora i Ramadera ha sol\u00b7licitat a la Conselleria d&#8217;Agricultura que fa\u00e7a un front com\u00fa amb el sector agrari de la Comunitat Valenciana per a rebutjar la proposta de reforma de la Pol\u00edtica Agr\u00e0ria &#8230; <a title=\"LA UNI\u00d3 reclama a la Conselleria d\u2019Agricultura una declaraci\u00f3 institucional consensuada amb el sector productor contra la proposta del nou pressupost de la UE que amena\u00e7a la PAC\" class=\"read-more\" href=\"https:\/\/elcafedepipa.com\/index.php\/2025\/07\/25\/la-unio-reclama-a-la-conselleria-dagricultura-una-declaracio-institucional-consensuada-amb-el-sector-productor-contra-la-proposta-del-nou-pressupost-de-la-ue-que-amenaca-la-pac\/\" aria-label=\"M\u00e9s informaci\u00f3 sobre LA UNI\u00d3 reclama a la Conselleria d\u2019Agricultura una declaraci\u00f3 institucional consensuada amb el sector productor contra la proposta del nou pressupost de la UE que amena\u00e7a la PAC\">Read more<\/a><\/p>\n","protected":false},"author":2,"featured_media":15950,"comment_status":"closed","ping_status":"closed","sticky":false,"template":"","format":"standard","meta":{"om_disable_all_campaigns":false,"_monsterinsights_skip_tracking":false,"_monsterinsights_sitenote_active":false,"_monsterinsights_sitenote_note":"","_monsterinsights_sitenote_category":0,"_uf_show_specific_survey":0,"_uf_disable_surveys":false,"footnotes":""},"categories":[1],"tags":[],"class_list":["post-15949","post","type-post","status-publish","format-standard","has-post-thumbnail","hentry","category-non-classe"],"_links":{"self":[{"href":"https:\/\/elcafedepipa.com\/index.php\/wp-json\/wp\/v2\/posts\/15949","targetHints":{"allow":["GET"]}}],"collection":[{"href":"https:\/\/elcafedepipa.com\/index.php\/wp-json\/wp\/v2\/posts"}],"about":[{"href":"https:\/\/elcafedepipa.com\/index.php\/wp-json\/wp\/v2\/types\/post"}],"author":[{"embeddable":true,"href":"https:\/\/elcafedepipa.com\/index.php\/wp-json\/wp\/v2\/users\/2"}],"replies":[{"embeddable":true,"href":"https:\/\/elcafedepipa.com\/index.php\/wp-json\/wp\/v2\/comments?post=15949"}],"version-history":[{"count":1,"href":"https:\/\/elcafedepipa.com\/index.php\/wp-json\/wp\/v2\/posts\/15949\/revisions"}],"predecessor-version":[{"id":15951,"href":"https:\/\/elcafedepipa.com\/index.php\/wp-json\/wp\/v2\/posts\/15949\/revisions\/15951"}],"wp:featuredmedia":[{"embeddable":true,"href":"https:\/\/elcafedepipa.com\/index.php\/wp-json\/wp\/v2\/media\/15950"}],"wp:attachment":[{"href":"https:\/\/elcafedepipa.com\/index.php\/wp-json\/wp\/v2\/media?parent=15949"}],"wp:term":[{"taxonomy":"category","embeddable":true,"href":"https:\/\/elcafedepipa.com\/index.php\/wp-json\/wp\/v2\/categories?post=15949"},{"taxonomy":"post_tag","embeddable":true,"href":"https:\/\/elcafedepipa.com\/index.php\/wp-json\/wp\/v2\/tags?post=15949"}],"curies":[{"name":"wp","href":"https:\/\/api.w.org\/{rel}","templated":true}]}}