{"id":15946,"date":"2025-07-25T12:43:30","date_gmt":"2025-07-25T10:43:30","guid":{"rendered":"https:\/\/elcafedepipa.com\/?p=15946"},"modified":"2025-07-25T12:43:31","modified_gmt":"2025-07-25T10:43:31","slug":"la-diputacio-de-castello-i-creu-roja-consoliden-latencio-a-persones-majors-de-65-anys-que-viuen-soles-a-la-provincia-per-a-millorar-la-seua-qualitat-de-vida","status":"publish","type":"post","link":"https:\/\/elcafedepipa.com\/index.php\/2025\/07\/25\/la-diputacio-de-castello-i-creu-roja-consoliden-latencio-a-persones-majors-de-65-anys-que-viuen-soles-a-la-provincia-per-a-millorar-la-seua-qualitat-de-vida\/","title":{"rendered":"La Diputaci\u00f3 de Castell\u00f3 i Creu Roja consoliden l&#8217;atenci\u00f3 a persones majors de 65 anys que viuen soles a la prov\u00edncia per a millorar la seua qualitat de vida"},"content":{"rendered":"\n<p>Les dos entitats han firmat un conveni de col\u00b7laboraci\u00f3, per un import de 100.000 euros, amb la finalitat d&#8217;estar al costat dels qui m\u00e9s ho necessiten, sumar recursos per a igualar oportunitats i reduir la soledat i l&#8217;a\u00efllament involuntari de les dones i els h\u00f2mens majors de 65 anys.<\/p>\n\n\n\n<p>\u201cLes pol\u00edtiques socials s\u00f3n el pilar d&#8217;acci\u00f3 d&#8217;este equip de govern provincial i per aix\u00f2 destinem recursos per a continuar avan\u00e7ant com a societat i que les oportunitats arriben al conjunt de la ciutadania\u201d, ha subratllat la diputada de Benestar Social, Marisa Torl\u00e0, qui ha ressaltat la import\u00e0ncia d&#8217;este conveni perqu\u00e8 \u201csuposa un pas m\u00e9s en el comprom\u00eds de la Diputaci\u00f3 de Castell\u00f3 amb el benestar dels castellonencs\u201d.<\/p>\n\n\n\n<p>Gr\u00e0cies a este acord, ha continuat la diputada provincial, \u201cvolem oferir oportunitats de desenvolupament als nostres majors i millorar la qualitat de vida de tots ells en el seu proc\u00e9s d&#8217;envelliment, reduint les desigualtats de g\u00e8nere identificades\u201d.<\/p>\n\n\n\n<p>En este sentit, Marisa Torl\u00e0 ha posat de manifest la \u201cimportant\u201d labor social que desenrotlla Creu Roja a la prov\u00edncia de Castell\u00f3 a trav\u00e9s de diferents projectes i ha incidit en qu\u00e8 \u201ctreballar de la m\u00e0 de Creu Roja \u00e9s sempre una garantia de treball ben fet i de solidaritat professional\u201d.<\/p>\n\n\n\n<p>Aix\u00ed, l&#8217;entitat avalada per una \u00e0mplia experi\u00e8ncia en l&#8217;\u00e0mbit de la inserci\u00f3 social dur\u00e0 a terme a la prov\u00edncia de Castell\u00f3 el projecte \u2018Xarxa social per a persones majors: ENR\u00c9DATE\u2019. Un pla dirigit a la reducci\u00f3 del sentiment de soledat i l&#8217;a\u00efllament involuntari.<\/p>\n\n\n\n<p>Hi ha dones i homes majors que, fins i tot vivint envoltats de moltes persones, se senten soles per no rebre el carinyo, l&#8217;afecte i la companyia que precisen. Ac\u00ed la import\u00e0ncia d&#8217;este projecte, ja que perseguix trencar amb estes situacions d&#8217;a\u00efllament i soledat, a trav\u00e9s del refor\u00e7 i enfortiment de la xarxa social de les dones i h\u00f2mens majors.<\/p>\n\n\n\n<p>Per a aconseguir-ho, tal com han explicat des de Creu Roja, el projecte es basa en dos l\u00ednies d&#8217;actuaci\u00f3 fonamentals. D&#8217;una banda, activitats d&#8217;informaci\u00f3 destinades a l&#8217;adquisici\u00f3 d&#8217;aquells coneixements t\u00e8cnics necessaris per a reduir la soledat i l&#8217;a\u00efllament, a trav\u00e9s de trucades telef\u00f2niques, sessions informatives i formatives, visites a espais informatius amb la finalitat de reduir les vulnerabilitats relacionades amb la falta de coneixements.<\/p>\n\n\n\n<p>I, d&#8217;altra banda, activitats dirigides a l&#8217;adquisici\u00f3 i enfortiment de compet\u00e8ncies relacionades amb la millora de la xarxa social, accions de suport necess\u00e0ries per a la reducci\u00f3 de l&#8217;a\u00efllament i foment de la participaci\u00f3 de la persona major en la millora del seu problema, a trav\u00e9s de tallers per a l&#8217;adquisici\u00f3 de compet\u00e8ncies personals, el suport en la participaci\u00f3 en activitats, les visites per a pal\u00b7liar la soledat, les activitats grupals per a la creaci\u00f3 de malla social o el foment de la participaci\u00f3 de la persona usu\u00e0ria en la millora del seu propi problema a trav\u00e9s del seguiment individualitzat.<\/p>\n\n\n\n<p>A la prov\u00edncia de Castell\u00f3, gr\u00e0cies al q\u00fcestionari de valoraci\u00f3 de Creu Roja, es pot observar que, durant l&#8217;\u00faltim any, de les persones usu\u00e0ries ateses majors de 65 anys el 47,46% manifesta estar en soledat i\/o amb a\u00efllament involuntari, el 44,08% indica tindre problemes de salut, i un 19,36% t\u00e9 reducci\u00f3 de l&#8217;autonomia personal.<\/p>\n\n\n\n<p>\u201cUnes dades que ens impulsen a continuar treballant i fer-ho de la m\u00e0 de Creu Roja, des de la intervenci\u00f3 social, especialment amb les persones que m\u00e9s ho necessiten, de manera que tots i totes guanyem en la construcci\u00f3 d&#8217;una prov\u00edncia de Castell\u00f3 m\u00e9s inclusiva\u201d, ha concl\u00f2s Marisa Torl\u00e0, diputada de Benestar Social.<\/p>\n","protected":false},"excerpt":{"rendered":"<p>Les dos entitats han firmat un conveni de col\u00b7laboraci\u00f3, per un import de 100.000 euros, amb la finalitat d&#8217;estar al costat dels qui m\u00e9s ho necessiten, sumar recursos per a igualar oportunitats i reduir la soledat i l&#8217;a\u00efllament involuntari de les dones i els h\u00f2mens majors de 65 anys. \u201cLes pol\u00edtiques socials s\u00f3n el pilar &#8230; <a title=\"La Diputaci\u00f3 de Castell\u00f3 i Creu Roja consoliden l&#8217;atenci\u00f3 a persones majors de 65 anys que viuen soles a la prov\u00edncia per a millorar la seua qualitat de vida\" class=\"read-more\" href=\"https:\/\/elcafedepipa.com\/index.php\/2025\/07\/25\/la-diputacio-de-castello-i-creu-roja-consoliden-latencio-a-persones-majors-de-65-anys-que-viuen-soles-a-la-provincia-per-a-millorar-la-seua-qualitat-de-vida\/\" aria-label=\"M\u00e9s informaci\u00f3 sobre La Diputaci\u00f3 de Castell\u00f3 i Creu Roja consoliden l&#8217;atenci\u00f3 a persones majors de 65 anys que viuen soles a la prov\u00edncia per a millorar la seua qualitat de vida\">Read more<\/a><\/p>\n","protected":false},"author":2,"featured_media":15947,"comment_status":"closed","ping_status":"closed","sticky":false,"template":"","format":"standard","meta":{"om_disable_all_campaigns":false,"_monsterinsights_skip_tracking":false,"_monsterinsights_sitenote_active":false,"_monsterinsights_sitenote_note":"","_monsterinsights_sitenote_category":0,"_uf_show_specific_survey":0,"_uf_disable_surveys":false,"footnotes":""},"categories":[10],"tags":[],"class_list":["post-15946","post","type-post","status-publish","format-standard","has-post-thumbnail","hentry","category-provinciadecastello"],"_links":{"self":[{"href":"https:\/\/elcafedepipa.com\/index.php\/wp-json\/wp\/v2\/posts\/15946","targetHints":{"allow":["GET"]}}],"collection":[{"href":"https:\/\/elcafedepipa.com\/index.php\/wp-json\/wp\/v2\/posts"}],"about":[{"href":"https:\/\/elcafedepipa.com\/index.php\/wp-json\/wp\/v2\/types\/post"}],"author":[{"embeddable":true,"href":"https:\/\/elcafedepipa.com\/index.php\/wp-json\/wp\/v2\/users\/2"}],"replies":[{"embeddable":true,"href":"https:\/\/elcafedepipa.com\/index.php\/wp-json\/wp\/v2\/comments?post=15946"}],"version-history":[{"count":1,"href":"https:\/\/elcafedepipa.com\/index.php\/wp-json\/wp\/v2\/posts\/15946\/revisions"}],"predecessor-version":[{"id":15948,"href":"https:\/\/elcafedepipa.com\/index.php\/wp-json\/wp\/v2\/posts\/15946\/revisions\/15948"}],"wp:featuredmedia":[{"embeddable":true,"href":"https:\/\/elcafedepipa.com\/index.php\/wp-json\/wp\/v2\/media\/15947"}],"wp:attachment":[{"href":"https:\/\/elcafedepipa.com\/index.php\/wp-json\/wp\/v2\/media?parent=15946"}],"wp:term":[{"taxonomy":"category","embeddable":true,"href":"https:\/\/elcafedepipa.com\/index.php\/wp-json\/wp\/v2\/categories?post=15946"},{"taxonomy":"post_tag","embeddable":true,"href":"https:\/\/elcafedepipa.com\/index.php\/wp-json\/wp\/v2\/tags?post=15946"}],"curies":[{"name":"wp","href":"https:\/\/api.w.org\/{rel}","templated":true}]}}