{"id":15926,"date":"2025-07-24T14:52:09","date_gmt":"2025-07-24T12:52:09","guid":{"rendered":"https:\/\/elcafedepipa.com\/?p=15926"},"modified":"2025-07-24T14:52:10","modified_gmt":"2025-07-24T12:52:10","slug":"nules-impulsa-la-millora-de-la-zona-de-mascotes-de-la-platja-rajadell","status":"publish","type":"post","link":"https:\/\/elcafedepipa.com\/index.php\/2025\/07\/24\/nules-impulsa-la-millora-de-la-zona-de-mascotes-de-la-platja-rajadell\/","title":{"rendered":"Nules impulsa la millora de la zona de mascotes de la platja Rajadell"},"content":{"rendered":"\n<p><strong>Instal\u00b7la una dutxa i una font per garantir el seu benestar<\/strong><\/p>\n\n\n\n<p>L\u2019Ajuntament de Nules continua apostant per la inclusi\u00f3 i el benestar animal amb la instal\u00b7laci\u00f3 a la platja Rajadell d\u2019una nova dutxa i font dissenyades espec\u00edficament per a mascotes. Aquesta actuaci\u00f3 t\u00e9 com a objectiu millorar l\u2019estada del ve\u00efnat i dels visitants que accedeixen a la zona costanera amb els seus animals de companyia.<\/p>\n\n\n\n<p>La iniciativa, impulsada des de la Regidoria de Platges, permet que gossos i altres mascotes puguen refrescar-se i hidratar-se amb total seguretat i comoditat, especialment durant els mesos de m\u00e9s calor.<\/p>\n\n\n\n<p>\u201cVolem que les nostres mascotes tamb\u00e9 puguen gaudir de l\u2019estiu. Amb aquesta nova instal\u00b7laci\u00f3, oferim un espai pensat per a elles, per al seu benestar i per fer m\u00e9s c\u00f2moda l\u2019estada a la platja a totes les persones usu\u00e0ries\u201d, explica M. Jos\u00e9 Esteban, regidora de Platges.<\/p>\n\n\n\n<p>La instal\u00b7laci\u00f3 compta amb una dutxa circular model <em>Wetpet<\/em> i amb una font d\u2019aigua potable adaptada per a mascotes, situada sobre una plataforma accessible de fusta que facilita l\u2019\u00fas per part de qualsevol persona.<\/p>\n\n\n\n<p>Aquesta acci\u00f3 s\u2019emmarca dins del comprom\u00eds del consistori per fomentar una conviv\u00e8ncia respectuosa a les platges del municipi i impulsar un model de turisme inclusiu i responsable.<\/p>\n","protected":false},"excerpt":{"rendered":"<p>Instal\u00b7la una dutxa i una font per garantir el seu benestar L\u2019Ajuntament de Nules continua apostant per la inclusi\u00f3 i el benestar animal amb la instal\u00b7laci\u00f3 a la platja Rajadell d\u2019una nova dutxa i font dissenyades espec\u00edficament per a mascotes. Aquesta actuaci\u00f3 t\u00e9 com a objectiu millorar l\u2019estada del ve\u00efnat i dels visitants que accedeixen &#8230; <a title=\"Nules impulsa la millora de la zona de mascotes de la platja Rajadell\" class=\"read-more\" href=\"https:\/\/elcafedepipa.com\/index.php\/2025\/07\/24\/nules-impulsa-la-millora-de-la-zona-de-mascotes-de-la-platja-rajadell\/\" aria-label=\"M\u00e9s informaci\u00f3 sobre Nules impulsa la millora de la zona de mascotes de la platja Rajadell\">Read more<\/a><\/p>\n","protected":false},"author":2,"featured_media":15927,"comment_status":"closed","ping_status":"closed","sticky":false,"template":"","format":"standard","meta":{"om_disable_all_campaigns":false,"_monsterinsights_skip_tracking":false,"_monsterinsights_sitenote_active":false,"_monsterinsights_sitenote_note":"","_monsterinsights_sitenote_category":0,"_uf_show_specific_survey":0,"_uf_disable_surveys":false,"footnotes":""},"categories":[3],"tags":[],"class_list":["post-15926","post","type-post","status-publish","format-standard","has-post-thumbnail","hentry","category-nules"],"_links":{"self":[{"href":"https:\/\/elcafedepipa.com\/index.php\/wp-json\/wp\/v2\/posts\/15926","targetHints":{"allow":["GET"]}}],"collection":[{"href":"https:\/\/elcafedepipa.com\/index.php\/wp-json\/wp\/v2\/posts"}],"about":[{"href":"https:\/\/elcafedepipa.com\/index.php\/wp-json\/wp\/v2\/types\/post"}],"author":[{"embeddable":true,"href":"https:\/\/elcafedepipa.com\/index.php\/wp-json\/wp\/v2\/users\/2"}],"replies":[{"embeddable":true,"href":"https:\/\/elcafedepipa.com\/index.php\/wp-json\/wp\/v2\/comments?post=15926"}],"version-history":[{"count":1,"href":"https:\/\/elcafedepipa.com\/index.php\/wp-json\/wp\/v2\/posts\/15926\/revisions"}],"predecessor-version":[{"id":15928,"href":"https:\/\/elcafedepipa.com\/index.php\/wp-json\/wp\/v2\/posts\/15926\/revisions\/15928"}],"wp:featuredmedia":[{"embeddable":true,"href":"https:\/\/elcafedepipa.com\/index.php\/wp-json\/wp\/v2\/media\/15927"}],"wp:attachment":[{"href":"https:\/\/elcafedepipa.com\/index.php\/wp-json\/wp\/v2\/media?parent=15926"}],"wp:term":[{"taxonomy":"category","embeddable":true,"href":"https:\/\/elcafedepipa.com\/index.php\/wp-json\/wp\/v2\/categories?post=15926"},{"taxonomy":"post_tag","embeddable":true,"href":"https:\/\/elcafedepipa.com\/index.php\/wp-json\/wp\/v2\/tags?post=15926"}],"curies":[{"name":"wp","href":"https:\/\/api.w.org\/{rel}","templated":true}]}}