{"id":15920,"date":"2025-07-24T14:12:24","date_gmt":"2025-07-24T12:12:24","guid":{"rendered":"https:\/\/elcafedepipa.com\/?p=15920"},"modified":"2025-07-24T14:12:25","modified_gmt":"2025-07-24T12:12:25","slug":"la-diputacio-de-castello-reforca-la-flota-de-vehicles-del-consorci-provincial-de-bombers-per-a-continuar-millorant-la-capacitat-de-resposta-davant-incendis","status":"publish","type":"post","link":"https:\/\/elcafedepipa.com\/index.php\/2025\/07\/24\/la-diputacio-de-castello-reforca-la-flota-de-vehicles-del-consorci-provincial-de-bombers-per-a-continuar-millorant-la-capacitat-de-resposta-davant-incendis\/","title":{"rendered":"La Diputaci\u00f3 de Castell\u00f3 refor\u00e7a la flota de vehicles del Consorci Provincial de Bombers per a continuar millorant la capacitat de resposta davant incendis"},"content":{"rendered":"\n<p>La presidenta de la instituci\u00f3 provincial, Marta Barrachina, i el diputat responsable del Consorci Provincial de Bombers, David Vicente, han presentat aquest dijous els nous vehicles que han comptat amb una inversi\u00f3 d&#8217;1.107.965 euros i que, tal com ha explicat la dirigent provincial, \u201cvenen a refor\u00e7ar la reacci\u00f3 operativa i minimitzar l&#8217;impacte que tenen els incendis a la prov\u00edncia de Castell\u00f3\u201d.<\/p>\n\n\n\n<p>Es tracta de dos camions BRP (Bomba Rural Pesada) 4&#215;4 amb carrossats de doble cabina i un equipament que els fa polivalents per a la seua intervenci\u00f3 en qualsevol tipus de servei on es requerisca l&#8217;\u00fas d&#8217;un vehicle autobomba. Les seues caracter\u00edstiques particulars els converteixen en vehicles especialment apropiats per a intervenci\u00f3 en incendis forestals, encara que el seu \u00fas pot estendre&#8217;s a qualsevol servei en terrenys complicats.<\/p>\n\n\n\n<p>Tots dos vehicles disposen d&#8217;un dep\u00f2sit d&#8217;aigua de 3.500 litres, dep\u00f2sit per a espum\u00f3geno i dep\u00f2sit d&#8217;autoprotecci\u00f3 del vehicle i compten amb unes caracter\u00edstiques excepcionals de conducci\u00f3 tot terreny, que \u201cpermetr\u00e0 als bombers actuar de manera segura i eficient\u201d, ha assenyalat Marta Barrachina.<\/p>\n\n\n\n<p>D&#8217;altra banda, el carrossat de doble cabina confereix al vehicle la possibilitat de transport de la dotaci\u00f3 completa de bombers, facilitant tamb\u00e9 la possible evacuaci\u00f3 de persones en operacions de rescat on nom\u00e9s es puga accedir amb aquesta mena de vehicles.<\/p>\n\n\n\n<p>A m\u00e9s, tamb\u00e9 s&#8217;han recepcionat, estant ja operatius, un vehicle de comandament tipus SUV i un vehicle UPQ (Unitat de Protecci\u00f3 Qu\u00edmica). Aquest vehicle ve dotat de la totalitat de material necessari per a intervenci\u00f3 en escenaris amb regs tecnol\u00f2gics com a serveis amb risc qu\u00edmic i bacteriol\u00f2gic i incidents de circulaci\u00f3 ADR. Tamb\u00e9 pot intervindre de suport a qualsevol altra unitat de bombers quan les caracter\u00edstiques del servei el requerisquen.<\/p>\n\n\n\n<p>\u201cAquestes noves incorporacions venen a refor\u00e7ar el comprom\u00eds d&#8217;aquesta Diputaci\u00f3 per a millorar el servei d&#8217;extinci\u00f3 d&#8217;incendis i dotar als professionals dels parcs de bombers amb els millors mitjans materials de cara a prestar una millor atenci\u00f3 a la ciutadania\u201d, ha ressaltat la presidenta provincial.<\/p>\n\n\n\n<p>En aquest sentit, la dirigent provincial ha destacat el transcendental que \u00e9s \u201cmantindre en perfecte estat els vehicles, invertint cada any en la seua renovaci\u00f3 per a continuar donant la millor resposta a l&#8217;atenci\u00f3 d&#8217;emerg\u00e8ncies i a l&#8217;extinci\u00f3 d&#8217;incendis\u201d.<\/p>\n\n\n\n<p>Sobre aquest tema, la presidenta ha reiterat el comprom\u00eds de tot l&#8217;equip de Govern Provincial amb \u201cla seguretat dels nostres ciutadans, per\u00f2 tamb\u00e9 amb els efectius que treballen dia rere dia per a protegir-nos\u201d. Ac\u00ed la import\u00e0ncia de \u201ccontinuar invertint en mitjans, en vehicles i, per descomptat, en els nostres professionals, per a crear el millor anell de seguretat que dona cobertura a tot el territori castellonenc\u201d.<\/p>\n\n\n\n<p>Pel que respecta als quatre vehicles que s&#8217;han presentat, el diputat David Vicente ha subratllat que aquests \u201cestan completament equipats, a l&#8217;avantguarda en prestacions i s\u00f3n perfectes per a la prov\u00edncia\u201d. \u201cAporten seguretat i una major capacitat de resposta i atenci\u00f3 a les emerg\u00e8ncies, amb una capacitat d&#8217;extinci\u00f3 major a la qual ten\u00edem fins ara\u201d.<\/p>\n\n\n\n<p>D&#8217;aquesta manera, el diputat responsable del Consorci Provincial de Bombers ha indicat que, a m\u00e9s d&#8217;aquests vehicles, s&#8217;ha adjudicat el contracte de compra de dos camions BUP (Bomba Urbana Pesada) i el BUL (Bomba Urbana Lleugera)&nbsp; per import d&#8217;1.119.250&nbsp; euros la fabricaci\u00f3 dels quals comen\u00e7ar\u00e0 en breu.<\/p>\n\n\n\n<p>\u201cEs tracta de vehicles autobomba per a intervenci\u00f3 en serveis, principalment, en l&#8217;\u00e0mbit urb\u00e0, com a incendis d&#8217;habitatge, industrials, rescats o accidents de tr\u00e0nsits\u201d, ha comentat David Vicente.<\/p>\n\n\n\n<p>Aquesta important renovaci\u00f3 de la flota de vehicles del Consorci Provincial respon al treball de la Diputaci\u00f3 de Castell\u00f3 per a \u201ccontinuar millorant la labor dels bombers i efectivitat en les importants actuacions que realitzen durant tot l&#8217;any amb l&#8217;objectiu de garantir una resposta efica\u00e7 i eficient en situacions d&#8217;emerg\u00e8ncia\u201d, ha concl\u00f2s la presidenta de la instituci\u00f3 provincial, Marta Barrachina.<\/p>\n","protected":false},"excerpt":{"rendered":"<p>La presidenta de la instituci\u00f3 provincial, Marta Barrachina, i el diputat responsable del Consorci Provincial de Bombers, David Vicente, han presentat aquest dijous els nous vehicles que han comptat amb una inversi\u00f3 d&#8217;1.107.965 euros i que, tal com ha explicat la dirigent provincial, \u201cvenen a refor\u00e7ar la reacci\u00f3 operativa i minimitzar l&#8217;impacte que tenen els &#8230; <a title=\"La Diputaci\u00f3 de Castell\u00f3 refor\u00e7a la flota de vehicles del Consorci Provincial de Bombers per a continuar millorant la capacitat de resposta davant incendis\" class=\"read-more\" href=\"https:\/\/elcafedepipa.com\/index.php\/2025\/07\/24\/la-diputacio-de-castello-reforca-la-flota-de-vehicles-del-consorci-provincial-de-bombers-per-a-continuar-millorant-la-capacitat-de-resposta-davant-incendis\/\" aria-label=\"M\u00e9s informaci\u00f3 sobre La Diputaci\u00f3 de Castell\u00f3 refor\u00e7a la flota de vehicles del Consorci Provincial de Bombers per a continuar millorant la capacitat de resposta davant incendis\">Read more<\/a><\/p>\n","protected":false},"author":2,"featured_media":15921,"comment_status":"closed","ping_status":"closed","sticky":false,"template":"","format":"standard","meta":{"om_disable_all_campaigns":false,"_monsterinsights_skip_tracking":false,"_monsterinsights_sitenote_active":false,"_monsterinsights_sitenote_note":"","_monsterinsights_sitenote_category":0,"_uf_show_specific_survey":0,"_uf_disable_surveys":false,"footnotes":""},"categories":[10],"tags":[],"class_list":["post-15920","post","type-post","status-publish","format-standard","has-post-thumbnail","hentry","category-provinciadecastello"],"_links":{"self":[{"href":"https:\/\/elcafedepipa.com\/index.php\/wp-json\/wp\/v2\/posts\/15920","targetHints":{"allow":["GET"]}}],"collection":[{"href":"https:\/\/elcafedepipa.com\/index.php\/wp-json\/wp\/v2\/posts"}],"about":[{"href":"https:\/\/elcafedepipa.com\/index.php\/wp-json\/wp\/v2\/types\/post"}],"author":[{"embeddable":true,"href":"https:\/\/elcafedepipa.com\/index.php\/wp-json\/wp\/v2\/users\/2"}],"replies":[{"embeddable":true,"href":"https:\/\/elcafedepipa.com\/index.php\/wp-json\/wp\/v2\/comments?post=15920"}],"version-history":[{"count":1,"href":"https:\/\/elcafedepipa.com\/index.php\/wp-json\/wp\/v2\/posts\/15920\/revisions"}],"predecessor-version":[{"id":15922,"href":"https:\/\/elcafedepipa.com\/index.php\/wp-json\/wp\/v2\/posts\/15920\/revisions\/15922"}],"wp:featuredmedia":[{"embeddable":true,"href":"https:\/\/elcafedepipa.com\/index.php\/wp-json\/wp\/v2\/media\/15921"}],"wp:attachment":[{"href":"https:\/\/elcafedepipa.com\/index.php\/wp-json\/wp\/v2\/media?parent=15920"}],"wp:term":[{"taxonomy":"category","embeddable":true,"href":"https:\/\/elcafedepipa.com\/index.php\/wp-json\/wp\/v2\/categories?post=15920"},{"taxonomy":"post_tag","embeddable":true,"href":"https:\/\/elcafedepipa.com\/index.php\/wp-json\/wp\/v2\/tags?post=15920"}],"curies":[{"name":"wp","href":"https:\/\/api.w.org\/{rel}","templated":true}]}}