{"id":15906,"date":"2025-07-24T13:58:11","date_gmt":"2025-07-24T11:58:11","guid":{"rendered":"https:\/\/elcafedepipa.com\/?p=15906"},"modified":"2025-07-24T13:58:12","modified_gmt":"2025-07-24T11:58:12","slug":"el-desembarcament-de-santa-maria-magdalena-sadapta-a-la-tradicio-mes-antiga-per-seguretat-maritima","status":"publish","type":"post","link":"https:\/\/elcafedepipa.com\/index.php\/2025\/07\/24\/el-desembarcament-de-santa-maria-magdalena-sadapta-a-la-tradicio-mes-antiga-per-seguretat-maritima\/","title":{"rendered":"El Desembarcament de Santa Maria Magdalena s\u2019adapta a la tradici\u00f3 m\u00e9s antiga per seguretat mar\u00edtima"},"content":{"rendered":"\n<p><strong>Moncofa va viure ahir a la vesprada, una vegada m\u00e9s, un dels moments m\u00e9s emocionants de les seues festes patronals amb l&#8217;arribada de Santa Maria Magdalena a vora mar.<\/strong><\/p>\n\n\n\n<p>Encara que les previsions meteorol\u00f2giques no han perm\u00e9s enguany el desembarcament per mar, la celebraci\u00f3 s&#8217;ha mantingut amb plena emotivitat i participaci\u00f3, seguint el format tradicional que durant d\u00e8cades ha unit el poble amb la seua patrona.<\/p>\n\n\n\n<p>La imatge de la santa va eixir als muscles \u201cdels mariners\u201d des de la seua ermita en process\u00f3 a les 19.30 h, acompanyada per centenars de ve\u00efns, ve\u00efnes i visitants. En arribar a la vora, va ser simb\u00f2licament \u201cbanyada\u201d en la mar, com mana la tradici\u00f3, per a despr\u00e9s continuar el recorregut processional habitual amb els versos de lloa, c\u00e0ntics i la posterior missa.<\/p>\n\n\n\n<p>\u201cEl Desembarcament de Santa Maria Magdalena \u00e9s una manifestaci\u00f3 viva de la identitat de Moncofa. Hui, com feien els nostres avantpassats abans que existira l&#8217;arribada per mar, hem honrat a la nostra patrona mantenint l&#8217;esperit i l&#8217;ess\u00e8ncia d&#8217;esta festa\u201d, va declarar l&#8217;alcalde, Wences Al\u00f3s Valls, que va voler destacar \u201cl&#8217;enorme respecte, devoci\u00f3 i participaci\u00f3 del poble malgrat el canvi de format, que demostra que esta tradici\u00f3 \u00e9s molt m\u00e9s que el record de com va arribar Santa Maria Magdalena a Moncofa: \u00e9s un s\u00edmbol compartit per generacions\u201d.<\/p>\n\n\n\n<p><strong>Un format amb segles d&#8217;hist\u00f2ria<\/strong><\/p>\n\n\n\n<p>El format seguit enguany respon a la forma original de celebrar esta devoci\u00f3: la imatge eixia des de l&#8217;ermita i es portava a peu fins a la mar, on era bene\u00efda amb les seues aig\u00fces. No va ser fins a finals del segle XX quan es va introduir l&#8217;arribada per mar des de Borriana, convertint-se en una icona de la festa actual. No obstant aix\u00f2, com ha ocorregut en comptades ocasions anteriors, quan les condicions de la mar no ho han perm\u00e9s, Moncofa ha tornat a les seues arrels m\u00e9s profundes, mantenint el vincle amb la tradici\u00f3 m\u00e9s antiga.<\/p>\n\n\n\n<p>La regidora de Turisme, Illenia Begnozzi, ha recordat que este acte \u201ccontinua sent, sens dubte, la process\u00f3 marinera m\u00e9s antiga de la Comunitat Valenciana i una de les m\u00e9s singulars de tot el litoral mediterrani, amb m\u00e9s de sis segles d&#8217;hist\u00f2ria\u201d.<\/p>\n\n\n\n<p>Per part seua, la regidora de Festes, Mar\u00eda Teresa Alemany, ha agra\u00eft \u201cla comprensi\u00f3 i el lliurament de totes les persones que han participat, demostrant que el sentiment per Santa Maria Magdalena est\u00e0 per damunt de qualsevol contratemps\u201d.<\/p>\n\n\n\n<p>La jornada va concloure amb la tradicional missa en l&#8217;ermita i el castell de focs artificials aqu\u00e0tic, a c\u00e0rrec de la pirot\u00e8cnia Reyes Mart\u00ed de Borriana. A m\u00e9s, la barra solid\u00e0ria de la Penya El Desguace ha tornat a recaptar fons per a la investigaci\u00f3 del gen ADSL, una causa que ha tornat a reunir la solidaritat del poble de Moncofa.<\/p>\n\n\n\n<figure class=\"wp-block-image size-large\"><img fetchpriority=\"high\" decoding=\"async\" width=\"1024\" height=\"687\" src=\"https:\/\/elcafedepipa.com\/wp-content\/uploads\/2025\/07\/M2-1024x687.jpg\" alt=\"\" class=\"wp-image-15908\" srcset=\"https:\/\/elcafedepipa.com\/wp-content\/uploads\/2025\/07\/M2-1024x687.jpg 1024w, https:\/\/elcafedepipa.com\/wp-content\/uploads\/2025\/07\/M2-300x201.jpg 300w, https:\/\/elcafedepipa.com\/wp-content\/uploads\/2025\/07\/M2-768x515.jpg 768w, https:\/\/elcafedepipa.com\/wp-content\/uploads\/2025\/07\/M2-1536x1030.jpg 1536w, https:\/\/elcafedepipa.com\/wp-content\/uploads\/2025\/07\/M2.jpg 1600w\" sizes=\"(max-width: 1024px) 100vw, 1024px\" \/><\/figure>\n\n\n\n<figure class=\"wp-block-image size-large\"><img decoding=\"async\" width=\"1024\" height=\"682\" src=\"https:\/\/elcafedepipa.com\/wp-content\/uploads\/2025\/07\/M3-1024x682.jpg\" alt=\"\" class=\"wp-image-15909\" srcset=\"https:\/\/elcafedepipa.com\/wp-content\/uploads\/2025\/07\/M3-1024x682.jpg 1024w, https:\/\/elcafedepipa.com\/wp-content\/uploads\/2025\/07\/M3-300x200.jpg 300w, https:\/\/elcafedepipa.com\/wp-content\/uploads\/2025\/07\/M3-768x512.jpg 768w, https:\/\/elcafedepipa.com\/wp-content\/uploads\/2025\/07\/M3-1536x1023.jpg 1536w, https:\/\/elcafedepipa.com\/wp-content\/uploads\/2025\/07\/M3.jpg 1600w\" sizes=\"(max-width: 1024px) 100vw, 1024px\" \/><\/figure>\n\n\n\n<figure class=\"wp-block-image size-large\"><img decoding=\"async\" width=\"1024\" height=\"682\" src=\"https:\/\/elcafedepipa.com\/wp-content\/uploads\/2025\/07\/M4-1024x682.jpg\" alt=\"\" class=\"wp-image-15910\" srcset=\"https:\/\/elcafedepipa.com\/wp-content\/uploads\/2025\/07\/M4-1024x682.jpg 1024w, https:\/\/elcafedepipa.com\/wp-content\/uploads\/2025\/07\/M4-300x200.jpg 300w, https:\/\/elcafedepipa.com\/wp-content\/uploads\/2025\/07\/M4-768x512.jpg 768w, https:\/\/elcafedepipa.com\/wp-content\/uploads\/2025\/07\/M4-1536x1023.jpg 1536w, https:\/\/elcafedepipa.com\/wp-content\/uploads\/2025\/07\/M4.jpg 1600w\" sizes=\"(max-width: 1024px) 100vw, 1024px\" \/><\/figure>\n","protected":false},"excerpt":{"rendered":"<p>Moncofa va viure ahir a la vesprada, una vegada m\u00e9s, un dels moments m\u00e9s emocionants de les seues festes patronals amb l&#8217;arribada de Santa Maria Magdalena a vora mar. Encara que les previsions meteorol\u00f2giques no han perm\u00e9s enguany el desembarcament per mar, la celebraci\u00f3 s&#8217;ha mantingut amb plena emotivitat i participaci\u00f3, seguint el format tradicional &#8230; <a title=\"El Desembarcament de Santa Maria Magdalena s\u2019adapta a la tradici\u00f3 m\u00e9s antiga per seguretat mar\u00edtima\" class=\"read-more\" href=\"https:\/\/elcafedepipa.com\/index.php\/2025\/07\/24\/el-desembarcament-de-santa-maria-magdalena-sadapta-a-la-tradicio-mes-antiga-per-seguretat-maritima\/\" aria-label=\"M\u00e9s informaci\u00f3 sobre El Desembarcament de Santa Maria Magdalena s\u2019adapta a la tradici\u00f3 m\u00e9s antiga per seguretat mar\u00edtima\">Read more<\/a><\/p>\n","protected":false},"author":2,"featured_media":15907,"comment_status":"closed","ping_status":"closed","sticky":false,"template":"","format":"standard","meta":{"om_disable_all_campaigns":false,"_monsterinsights_skip_tracking":false,"_monsterinsights_sitenote_active":false,"_monsterinsights_sitenote_note":"","_monsterinsights_sitenote_category":0,"_uf_show_specific_survey":0,"_uf_disable_surveys":false,"footnotes":""},"categories":[4],"tags":[],"class_list":["post-15906","post","type-post","status-publish","format-standard","has-post-thumbnail","hentry","category-moncofa"],"_links":{"self":[{"href":"https:\/\/elcafedepipa.com\/index.php\/wp-json\/wp\/v2\/posts\/15906","targetHints":{"allow":["GET"]}}],"collection":[{"href":"https:\/\/elcafedepipa.com\/index.php\/wp-json\/wp\/v2\/posts"}],"about":[{"href":"https:\/\/elcafedepipa.com\/index.php\/wp-json\/wp\/v2\/types\/post"}],"author":[{"embeddable":true,"href":"https:\/\/elcafedepipa.com\/index.php\/wp-json\/wp\/v2\/users\/2"}],"replies":[{"embeddable":true,"href":"https:\/\/elcafedepipa.com\/index.php\/wp-json\/wp\/v2\/comments?post=15906"}],"version-history":[{"count":1,"href":"https:\/\/elcafedepipa.com\/index.php\/wp-json\/wp\/v2\/posts\/15906\/revisions"}],"predecessor-version":[{"id":15911,"href":"https:\/\/elcafedepipa.com\/index.php\/wp-json\/wp\/v2\/posts\/15906\/revisions\/15911"}],"wp:featuredmedia":[{"embeddable":true,"href":"https:\/\/elcafedepipa.com\/index.php\/wp-json\/wp\/v2\/media\/15907"}],"wp:attachment":[{"href":"https:\/\/elcafedepipa.com\/index.php\/wp-json\/wp\/v2\/media?parent=15906"}],"wp:term":[{"taxonomy":"category","embeddable":true,"href":"https:\/\/elcafedepipa.com\/index.php\/wp-json\/wp\/v2\/categories?post=15906"},{"taxonomy":"post_tag","embeddable":true,"href":"https:\/\/elcafedepipa.com\/index.php\/wp-json\/wp\/v2\/tags?post=15906"}],"curies":[{"name":"wp","href":"https:\/\/api.w.org\/{rel}","templated":true}]}}