{"id":15902,"date":"2025-07-24T13:55:30","date_gmt":"2025-07-24T11:55:30","guid":{"rendered":"https:\/\/elcafedepipa.com\/?p=15902"},"modified":"2025-07-24T13:55:31","modified_gmt":"2025-07-24T11:55:31","slug":"lajuntament-rep-oficialment-als-xiquets-i-xiquetes-del-programa-vacances-en-pau","status":"publish","type":"post","link":"https:\/\/elcafedepipa.com\/index.php\/2025\/07\/24\/lajuntament-rep-oficialment-als-xiquets-i-xiquetes-del-programa-vacances-en-pau\/","title":{"rendered":"L&#8217;Ajuntament rep oficialment als xiquets i xiquetes del programa &#8216;Vacances en pau&#8217;"},"content":{"rendered":"\n<p><strong>L&#8217;Ajuntament de la Vall d&#8217;Uix\u00f3 ha celebrat la recepci\u00f3 oficial als set xiquets i xiquetes sahrau\u00eds del programa &#8216;Vacances en pau&#8217;, que enguany ha complit 31 anys de la m\u00e0 de l&#8217;associaci\u00f3 local Smara.<\/strong><\/p>\n\n\n\n<p>L&#8217;acte va comptar amb la participaci\u00f3 del Consell Municipal d&#8217;Inf\u00e0ncia i Adolesc\u00e8ncia, que van llegir els articles m\u00e9s destacats de la Declaraci\u00f3 dels Drets de la Inf\u00e0ncia. El Pallasso Fanfi tamb\u00e9 va treure els somriures dels m\u00e9s menuts amb la seua actuaci\u00f3.<\/p>\n\n\n\n<p>En finalitzar es va penjar la bandera del S\u00e0hara Occidental al balc\u00f3 del Palau de Vivel (on s&#8217;ubica provisionalment l&#8217;ajuntament), com a s\u00edmbol del suport de la ciutat al poble sahrau\u00ed.<\/p>\n\n\n\n<p>Durant el mes de juliol i agost els xiquets i xiquetes de &#8216;Vacances en pau&#8217; reben revisions m\u00e8diques i gaudiran d&#8217;un estiu alternatiu a les altes temperatures dels campaments de refugiats al desert afric\u00e0.<\/p>\n\n\n\n<p>Este programa serveix tamb\u00e9 per a donar visibilitat al conflicte sahrau\u00ed i reivindicar una soluci\u00f3 pol\u00edtica perqu\u00e8 el poble sahrau\u00ed puga tornar al seu pa\u00eds ara ocupat i viure en pau.<\/p>\n\n\n\n<figure class=\"wp-block-image size-large\"><img fetchpriority=\"high\" decoding=\"async\" width=\"1024\" height=\"696\" src=\"https:\/\/elcafedepipa.com\/wp-content\/uploads\/2025\/07\/vacances-en-pau-2-1024x696.jpeg\" alt=\"\" class=\"wp-image-15904\" srcset=\"https:\/\/elcafedepipa.com\/wp-content\/uploads\/2025\/07\/vacances-en-pau-2-1024x696.jpeg 1024w, https:\/\/elcafedepipa.com\/wp-content\/uploads\/2025\/07\/vacances-en-pau-2-300x204.jpeg 300w, https:\/\/elcafedepipa.com\/wp-content\/uploads\/2025\/07\/vacances-en-pau-2-768x522.jpeg 768w, https:\/\/elcafedepipa.com\/wp-content\/uploads\/2025\/07\/vacances-en-pau-2-1536x1044.jpeg 1536w, https:\/\/elcafedepipa.com\/wp-content\/uploads\/2025\/07\/vacances-en-pau-2.jpeg 2048w\" sizes=\"(max-width: 1024px) 100vw, 1024px\" \/><\/figure>\n","protected":false},"excerpt":{"rendered":"<p>L&#8217;Ajuntament de la Vall d&#8217;Uix\u00f3 ha celebrat la recepci\u00f3 oficial als set xiquets i xiquetes sahrau\u00eds del programa &#8216;Vacances en pau&#8217;, que enguany ha complit 31 anys de la m\u00e0 de l&#8217;associaci\u00f3 local Smara. L&#8217;acte va comptar amb la participaci\u00f3 del Consell Municipal d&#8217;Inf\u00e0ncia i Adolesc\u00e8ncia, que van llegir els articles m\u00e9s destacats de la &#8230; <a title=\"L&#8217;Ajuntament rep oficialment als xiquets i xiquetes del programa &#8216;Vacances en pau&#8217;\" class=\"read-more\" href=\"https:\/\/elcafedepipa.com\/index.php\/2025\/07\/24\/lajuntament-rep-oficialment-als-xiquets-i-xiquetes-del-programa-vacances-en-pau\/\" aria-label=\"M\u00e9s informaci\u00f3 sobre L&#8217;Ajuntament rep oficialment als xiquets i xiquetes del programa &#8216;Vacances en pau&#8217;\">Read more<\/a><\/p>\n","protected":false},"author":2,"featured_media":15903,"comment_status":"closed","ping_status":"closed","sticky":false,"template":"","format":"standard","meta":{"om_disable_all_campaigns":false,"_monsterinsights_skip_tracking":false,"_monsterinsights_sitenote_active":false,"_monsterinsights_sitenote_note":"","_monsterinsights_sitenote_category":0,"_uf_show_specific_survey":0,"_uf_disable_surveys":false,"footnotes":""},"categories":[1],"tags":[],"class_list":["post-15902","post","type-post","status-publish","format-standard","has-post-thumbnail","hentry","category-non-classe"],"_links":{"self":[{"href":"https:\/\/elcafedepipa.com\/index.php\/wp-json\/wp\/v2\/posts\/15902","targetHints":{"allow":["GET"]}}],"collection":[{"href":"https:\/\/elcafedepipa.com\/index.php\/wp-json\/wp\/v2\/posts"}],"about":[{"href":"https:\/\/elcafedepipa.com\/index.php\/wp-json\/wp\/v2\/types\/post"}],"author":[{"embeddable":true,"href":"https:\/\/elcafedepipa.com\/index.php\/wp-json\/wp\/v2\/users\/2"}],"replies":[{"embeddable":true,"href":"https:\/\/elcafedepipa.com\/index.php\/wp-json\/wp\/v2\/comments?post=15902"}],"version-history":[{"count":1,"href":"https:\/\/elcafedepipa.com\/index.php\/wp-json\/wp\/v2\/posts\/15902\/revisions"}],"predecessor-version":[{"id":15905,"href":"https:\/\/elcafedepipa.com\/index.php\/wp-json\/wp\/v2\/posts\/15902\/revisions\/15905"}],"wp:featuredmedia":[{"embeddable":true,"href":"https:\/\/elcafedepipa.com\/index.php\/wp-json\/wp\/v2\/media\/15903"}],"wp:attachment":[{"href":"https:\/\/elcafedepipa.com\/index.php\/wp-json\/wp\/v2\/media?parent=15902"}],"wp:term":[{"taxonomy":"category","embeddable":true,"href":"https:\/\/elcafedepipa.com\/index.php\/wp-json\/wp\/v2\/categories?post=15902"},{"taxonomy":"post_tag","embeddable":true,"href":"https:\/\/elcafedepipa.com\/index.php\/wp-json\/wp\/v2\/tags?post=15902"}],"curies":[{"name":"wp","href":"https:\/\/api.w.org\/{rel}","templated":true}]}}