{"id":15899,"date":"2025-07-23T15:07:16","date_gmt":"2025-07-23T13:07:16","guid":{"rendered":"https:\/\/elcafedepipa.com\/?p=15899"},"modified":"2025-07-23T15:07:17","modified_gmt":"2025-07-23T13:07:17","slug":"nou-acord-de-la-diputacio-amb-la-generalitat-per-a-garantir-la-depuracio-daigues-en-80-municipis-amb-una-inversio-de-206-milions-deuros","status":"publish","type":"post","link":"https:\/\/elcafedepipa.com\/index.php\/2025\/07\/23\/nou-acord-de-la-diputacio-amb-la-generalitat-per-a-garantir-la-depuracio-daigues-en-80-municipis-amb-una-inversio-de-206-milions-deuros\/","title":{"rendered":"Nou acord de la Diputaci\u00f3 amb la Generalitat per a garantir la depuraci\u00f3 d&#8217;aig\u00fces en 80 municipis amb una inversi\u00f3 de 20,6 milions d&#8217;euros"},"content":{"rendered":"\n<p>El Sal\u00f3 de Recepcions del Palau Provincial ha sigut l&#8217;escenari en el qual s&#8217;ha dut a terme la firma del conveni entre la Diputaci\u00f3 Provincial de Castell\u00f3 i la Generalitat Valenciana a trav\u00e9s de l&#8217;Entitat P\u00fablica de Sanejament d&#8217;Aig\u00fces Residuals de la Comunitat Valenciana (EPSAR). Un acord formalitzat per la presidenta de la instituci\u00f3 provincial, Marta Barrachina, i el president del Consell, Carlos Maz\u00f3n, i a trav\u00e9s del mateix s&#8217;establix el full de ruta dels pr\u00f2xims quatre anys quant a actuacions per a millorar la depuraci\u00f3 d&#8217;aig\u00fces en municipis de fins a 5.000 habitants.<\/p>\n\n\n\n<p>\u201cGarantir una bona depuraci\u00f3 de l&#8217;aigua \u00e9s fer que passen com a m\u00ednim 3 coses: assegurar un dret b\u00e0sic per a tots els municipis; generar noves oportunitats per al desenvolupament i la fixaci\u00f3 de poblaci\u00f3; i protegir el medi ambient i fer sostenible el cicle integral de l&#8217;aigua\u201d, ha expressat la dirigent provincial, qui ha incidit en qu\u00e8 \u201ccontinuem avan\u00e7ant en la legislatura de l&#8217;aigua, amb un rumb clar, amb decisions valentes i, sobretot, amb resultats concrets que milloren la vida als nostres pobles. Perqu\u00e8 fer pol\u00edtica \u00fatil \u00e9s atendre les necessitats reals de la ciutadania, especialment aquelles que han sigut ignorades durant anys, com la depuraci\u00f3 d&#8217;aig\u00fces residuals\u201d.<\/p>\n\n\n\n<p>La presidenta de la Diputaci\u00f3 de Castell\u00f3 ha posat en valor el treball i la col\u00b7laboraci\u00f3 entre les dos institucions i, al respecte, la dirigent provincial ha recordat el 22 de mar\u00e7 de l&#8217;any passat, \u201cquan es va produir un punt d&#8217;inflexi\u00f3 amb l&#8217;addenda al conveni existent entre la Generalitat Valenciana i la Diputaci\u00f3 de Castell\u00f3\u201d. Aquell acord va posar les bases d&#8217;un nou model de col\u00b7laboraci\u00f3 institucional \u201cque permetria que continu\u00e0rem avan\u00e7ant i fer realitat una inversi\u00f3 de 9,6 milions d&#8217;euros per a la construcci\u00f3 de 14 noves estacions depuradores. Una actuaci\u00f3 concreta i ambiciosa que ja est\u00e0 transformant la realitat de molts municipis\u201d. Marta Barrachina ha afegit que \u201cfeia molt de temps que esta instituci\u00f3 no tenia tantes obres en marxa com les que t\u00e9 ara, i aix\u00f2 \u00e9s fruit del treball rigor\u00f3s, la dedicaci\u00f3 i la coordinaci\u00f3 entre administracions que estan donant resultats palpables en el territori\u201d.<\/p>\n\n\n\n<p>Ara, aquella alian\u00e7a inicial es consolida i es multiplica amb un conveni de m\u00e9s de 20,6 milions d&#8217;euros \u201cque ens dona un marc estable per a actuar fins a 2028, amb possibilitat de pr\u00f2rroga\u201d. Com han explicat els dos dirigents, es finan\u00e7aran actuacions en els sistemes de sanejament i depuraci\u00f3 gestionats per la Diputaci\u00f3 de Castell\u00f3 o de titularitat municipal de 80 municipis, el 60% de les localitats de la prov\u00edncia, de fins a 5.000 habitants. La Generalitat, a trav\u00e9s de la EPSAR, aportar\u00e0 el 90% del cost d&#8217;execuci\u00f3 de les obres en instal\u00b7lacions de titularitat local, mentres que la Diputaci\u00f3 Provincial finan\u00e7ar\u00e0 el 10% de les obres municipals i es far\u00e0 c\u00e0rrec del 100% de la direcci\u00f3 d&#8217;obra i la redacci\u00f3 dels projectes de construcci\u00f3.<\/p>\n\n\n\n<p>En concret, es destinaran m\u00e9s de 9,6 milions per a la construcci\u00f3 de 19 noves instal\u00b7lacions entre les quals destaca, amb una inversi\u00f3 de 3,2 milions d&#8217;euros la planta de compostatge a Alboc\u00e0sser que ser\u00e0 una infraestructura clau per a la gesti\u00f3 de llots. Aix\u00ed mateix, es finan\u00e7aran amb m\u00e9s de 9 milions d&#8217;euros un total de 79 actuacions de reforma, reparaci\u00f3 i millora en equips ja existents i, 1,7 milions d&#8217;euros a la redacci\u00f3 de projectes i direcci\u00f3 d&#8217;obres. Gr\u00e0cies a este acord, 80 municipis de la prov\u00edncia es veuran beneficiats, sense comptar les pedanies que tamb\u00e9 rebran els efectes positius de les actuacions.<\/p>\n\n\n\n<p>Per part seua, el president Carlos Maz\u00f3n ha indicat que l&#8217;objectiu \u00e9s prioritzar les obres en les zones amb major necessitat per a fer \u201cun salt qualitatiu i quantitatiu que garantisca els serveis b\u00e0sics de depuraci\u00f3 i sanejament d&#8217;aigua en tota la prov\u00edncia\u201d. El president tamb\u00e9 ha destacat l&#8217;extraordin\u00e0ria labor de la Diputaci\u00f3 de Castell\u00f3 per a \u201catendre el territori rural i la realitat singular dels xicotets municipis, aix\u00ed com assumir el repte demogr\u00e0fic i lluitar contra la despoblaci\u00f3\u201d.<\/p>\n\n\n\n<p><strong>Dos anys de treball<\/strong><\/p>\n\n\n\n<p>La m\u00e0xima representant de la instituci\u00f3 provincial tamb\u00e9 ha posat en valor el salt que s&#8217;ha fet en tan sols dos anys en qu\u00e8 s&#8217;han invertit m\u00e9s de 30 milions d&#8217;euros en depuraci\u00f3, sumant els dos convenis firmats. Un treball que ha sigut possible gr\u00e0cies a eixa col\u00b7laboraci\u00f3 entre les dos institucions. \u201cEn nom\u00e9s dos anys avancem en la modernitzaci\u00f3 integral dels sistemes de tractament d&#8217;aig\u00fces, garantim la qualitat de les aig\u00fces i donem seguretat h\u00eddrica a tots els ciutadans\u201d, ha afegit el president del Consell. Paraules compartides per la presidenta de la Diputaci\u00f3, qui ha finalitzat dient que \u201cquan les institucions col\u00b7laboren de veritat, els resultats arriben. I quan es governa pensant en les persones, la pol\u00edtica t\u00e9 sentit i es transforma\u201d.<\/p>\n\n\n\n<p><\/p>\n","protected":false},"excerpt":{"rendered":"<p>El Sal\u00f3 de Recepcions del Palau Provincial ha sigut l&#8217;escenari en el qual s&#8217;ha dut a terme la firma del conveni entre la Diputaci\u00f3 Provincial de Castell\u00f3 i la Generalitat Valenciana a trav\u00e9s de l&#8217;Entitat P\u00fablica de Sanejament d&#8217;Aig\u00fces Residuals de la Comunitat Valenciana (EPSAR). Un acord formalitzat per la presidenta de la instituci\u00f3 provincial, &#8230; <a title=\"Nou acord de la Diputaci\u00f3 amb la Generalitat per a garantir la depuraci\u00f3 d&#8217;aig\u00fces en 80 municipis amb una inversi\u00f3 de 20,6 milions d&#8217;euros\" class=\"read-more\" href=\"https:\/\/elcafedepipa.com\/index.php\/2025\/07\/23\/nou-acord-de-la-diputacio-amb-la-generalitat-per-a-garantir-la-depuracio-daigues-en-80-municipis-amb-una-inversio-de-206-milions-deuros\/\" aria-label=\"M\u00e9s informaci\u00f3 sobre Nou acord de la Diputaci\u00f3 amb la Generalitat per a garantir la depuraci\u00f3 d&#8217;aig\u00fces en 80 municipis amb una inversi\u00f3 de 20,6 milions d&#8217;euros\">Read more<\/a><\/p>\n","protected":false},"author":2,"featured_media":15900,"comment_status":"closed","ping_status":"closed","sticky":false,"template":"","format":"standard","meta":{"om_disable_all_campaigns":false,"_monsterinsights_skip_tracking":false,"_monsterinsights_sitenote_active":false,"_monsterinsights_sitenote_note":"","_monsterinsights_sitenote_category":0,"_uf_show_specific_survey":0,"_uf_disable_surveys":false,"footnotes":""},"categories":[10],"tags":[],"class_list":["post-15899","post","type-post","status-publish","format-standard","has-post-thumbnail","hentry","category-provinciadecastello"],"_links":{"self":[{"href":"https:\/\/elcafedepipa.com\/index.php\/wp-json\/wp\/v2\/posts\/15899","targetHints":{"allow":["GET"]}}],"collection":[{"href":"https:\/\/elcafedepipa.com\/index.php\/wp-json\/wp\/v2\/posts"}],"about":[{"href":"https:\/\/elcafedepipa.com\/index.php\/wp-json\/wp\/v2\/types\/post"}],"author":[{"embeddable":true,"href":"https:\/\/elcafedepipa.com\/index.php\/wp-json\/wp\/v2\/users\/2"}],"replies":[{"embeddable":true,"href":"https:\/\/elcafedepipa.com\/index.php\/wp-json\/wp\/v2\/comments?post=15899"}],"version-history":[{"count":1,"href":"https:\/\/elcafedepipa.com\/index.php\/wp-json\/wp\/v2\/posts\/15899\/revisions"}],"predecessor-version":[{"id":15901,"href":"https:\/\/elcafedepipa.com\/index.php\/wp-json\/wp\/v2\/posts\/15899\/revisions\/15901"}],"wp:featuredmedia":[{"embeddable":true,"href":"https:\/\/elcafedepipa.com\/index.php\/wp-json\/wp\/v2\/media\/15900"}],"wp:attachment":[{"href":"https:\/\/elcafedepipa.com\/index.php\/wp-json\/wp\/v2\/media?parent=15899"}],"wp:term":[{"taxonomy":"category","embeddable":true,"href":"https:\/\/elcafedepipa.com\/index.php\/wp-json\/wp\/v2\/categories?post=15899"},{"taxonomy":"post_tag","embeddable":true,"href":"https:\/\/elcafedepipa.com\/index.php\/wp-json\/wp\/v2\/tags?post=15899"}],"curies":[{"name":"wp","href":"https:\/\/api.w.org\/{rel}","templated":true}]}}