{"id":15885,"date":"2025-07-23T13:50:43","date_gmt":"2025-07-23T11:50:43","guid":{"rendered":"https:\/\/elcafedepipa.com\/?p=15885"},"modified":"2025-07-23T13:50:44","modified_gmt":"2025-07-23T11:50:44","slug":"lajuntament-de-la-vall-duixo-reposa-el-tendal-vandalitzat-de-la-placa-del-progres","status":"publish","type":"post","link":"https:\/\/elcafedepipa.com\/index.php\/2025\/07\/23\/lajuntament-de-la-vall-duixo-reposa-el-tendal-vandalitzat-de-la-placa-del-progres\/","title":{"rendered":"L&#8217;Ajuntament de la Vall d&#8217;Uix\u00f3 reposa el tendal vandalitzat de la pla\u00e7a del Progr\u00e9s"},"content":{"rendered":"\n<p><strong>Menys d&#8217;un any despr\u00e9s d&#8217;instal\u00b7lar-se estava trencat perqu\u00e8 algunes persones havien pujat a sobre<\/strong><\/p>\n\n\n\n<p>L&#8217;Ajuntament de la Vall d&#8217;Uix\u00f3 ha refet el tendal que fa de ombreig al parc infantil de la pla\u00e7a del Progr\u00e9s, que havia estat vandalitzat. Una de les dues espelmes \u00e9s nova i s&#8217;han reparat les estructures tensores que estaven trencades pel seu mal \u00fas, ja que algunes persones havien pujat a sobre trencant-les i destensant-les.<\/p>\n\n\n\n<p>Aquest sistema es va instal\u00b7lar fa un any al barri Toledo \u201ci ja hem hagut de reposar-lo per un mal \u00fas\u201d, ha lamentat el regidor de Medi Ambient i Transici\u00f3 Ecol\u00f2gica, Marc Seguer. Aix\u00ed, ha fet una crida \u201cal civisme i al respecte\u201d perqu\u00e8 \u201cels diners que s&#8217;inverteixen a reparar o reposar una cosa vandalitzada no s&#8217;inverteixen en un altre lloc on cal\u201d.<\/p>\n\n\n\n<p>Aquests espais \u201cs\u00f3n de totes i de tots, s\u00f3n zones de joc i tamb\u00e9 refugis clim\u00e0tics perqu\u00e8 ajuden a protegir-se del sol i de les altes temperatures\u201d. Per aix\u00f2, ha insistit que \u201cmantenir-los en bon estat dep\u00e8n de la inversi\u00f3 municipal, que en aquesta legislatura ha estat de 400.000 euros\u201d per\u00f2 tamb\u00e9 \u201cdel bon \u00fas que fa\u00e7a la ciutadania, perqu\u00e8 en el cas dels tendals serveixen per cobrir del sol i no per pujar-hi a sobre i trencar-los\u201d.<\/p>\n\n\n\n<p>Seguer ha demanat \u201ccol\u00b7laboraci\u00f3 ciutadana\u201d perqu\u00e8 \u201cles inversions necess\u00e0ries que fa l&#8217;Ajuntament es facen servir de manera c\u00edvica i respectuosa, sense trencar-les ni posar-se en perill\u201d. I \u00e9s que les instal\u00b7lacions de la pla\u00e7a del Progr\u00e9s no s\u00f3n les \u00faniques que els \u00faltims mesos han patit actes vand\u00e0lics, que tamb\u00e9 s&#8217;aniran reparant.<\/p>\n","protected":false},"excerpt":{"rendered":"<p>Menys d&#8217;un any despr\u00e9s d&#8217;instal\u00b7lar-se estava trencat perqu\u00e8 algunes persones havien pujat a sobre L&#8217;Ajuntament de la Vall d&#8217;Uix\u00f3 ha refet el tendal que fa de ombreig al parc infantil de la pla\u00e7a del Progr\u00e9s, que havia estat vandalitzat. Una de les dues espelmes \u00e9s nova i s&#8217;han reparat les estructures tensores que estaven trencades &#8230; <a title=\"L&#8217;Ajuntament de la Vall d&#8217;Uix\u00f3 reposa el tendal vandalitzat de la pla\u00e7a del Progr\u00e9s\" class=\"read-more\" href=\"https:\/\/elcafedepipa.com\/index.php\/2025\/07\/23\/lajuntament-de-la-vall-duixo-reposa-el-tendal-vandalitzat-de-la-placa-del-progres\/\" aria-label=\"M\u00e9s informaci\u00f3 sobre L&#8217;Ajuntament de la Vall d&#8217;Uix\u00f3 reposa el tendal vandalitzat de la pla\u00e7a del Progr\u00e9s\">Read more<\/a><\/p>\n","protected":false},"author":2,"featured_media":15886,"comment_status":"closed","ping_status":"closed","sticky":false,"template":"","format":"standard","meta":{"om_disable_all_campaigns":false,"_monsterinsights_skip_tracking":false,"_monsterinsights_sitenote_active":false,"_monsterinsights_sitenote_note":"","_monsterinsights_sitenote_category":0,"_uf_show_specific_survey":0,"_uf_disable_surveys":false,"footnotes":""},"categories":[1],"tags":[],"class_list":["post-15885","post","type-post","status-publish","format-standard","has-post-thumbnail","hentry","category-non-classe"],"_links":{"self":[{"href":"https:\/\/elcafedepipa.com\/index.php\/wp-json\/wp\/v2\/posts\/15885","targetHints":{"allow":["GET"]}}],"collection":[{"href":"https:\/\/elcafedepipa.com\/index.php\/wp-json\/wp\/v2\/posts"}],"about":[{"href":"https:\/\/elcafedepipa.com\/index.php\/wp-json\/wp\/v2\/types\/post"}],"author":[{"embeddable":true,"href":"https:\/\/elcafedepipa.com\/index.php\/wp-json\/wp\/v2\/users\/2"}],"replies":[{"embeddable":true,"href":"https:\/\/elcafedepipa.com\/index.php\/wp-json\/wp\/v2\/comments?post=15885"}],"version-history":[{"count":1,"href":"https:\/\/elcafedepipa.com\/index.php\/wp-json\/wp\/v2\/posts\/15885\/revisions"}],"predecessor-version":[{"id":15887,"href":"https:\/\/elcafedepipa.com\/index.php\/wp-json\/wp\/v2\/posts\/15885\/revisions\/15887"}],"wp:featuredmedia":[{"embeddable":true,"href":"https:\/\/elcafedepipa.com\/index.php\/wp-json\/wp\/v2\/media\/15886"}],"wp:attachment":[{"href":"https:\/\/elcafedepipa.com\/index.php\/wp-json\/wp\/v2\/media?parent=15885"}],"wp:term":[{"taxonomy":"category","embeddable":true,"href":"https:\/\/elcafedepipa.com\/index.php\/wp-json\/wp\/v2\/categories?post=15885"},{"taxonomy":"post_tag","embeddable":true,"href":"https:\/\/elcafedepipa.com\/index.php\/wp-json\/wp\/v2\/tags?post=15885"}],"curies":[{"name":"wp","href":"https:\/\/api.w.org\/{rel}","templated":true}]}}