{"id":15881,"date":"2025-07-23T13:46:51","date_gmt":"2025-07-23T11:46:51","guid":{"rendered":"https:\/\/elcafedepipa.com\/?p=15881"},"modified":"2025-07-23T13:46:52","modified_gmt":"2025-07-23T11:46:52","slug":"lajuntament-de-nules-condemna-en-un-comunicat-les-accions-racistes-registrades-al-municipi","status":"publish","type":"post","link":"https:\/\/elcafedepipa.com\/index.php\/2025\/07\/23\/lajuntament-de-nules-condemna-en-un-comunicat-les-accions-racistes-registrades-al-municipi\/","title":{"rendered":"L&#8217;Ajuntament de Nules condemna en un comunicat les accions racistes registrades al municipi."},"content":{"rendered":"\n<p>L\u2019Ajuntament de Nules condemna i rebutja les accions racistes registrades en els \u00faltims dies al municipi de Nules amb pintades fetes a contenidors i al cotxe d\u2019un regidor del grup municipal socialista.<\/p>\n\n\n\n<p>Aquest tipus d\u2019accions no tenen cabuda en una societat democr\u00e0tica, tolerant, plural i diversa. Hi ha que respectar les difer\u00e8ncies culturals de cada persona, i treballar per la integraci\u00f3 social.<\/p>\n\n\n\n<p>Des de l\u2019Ajuntament de Nules es reitera el rebuig m\u00e9s contundent a aquestes accions, i&nbsp; se solidaritza amb el regidor que ha patit aquest vandalisme.<\/p>\n\n\n\n<p><strong>Reacci\u00f3 del PSPV de Nules<\/strong><\/p>\n\n\n\n<p>El portaveu dels socialistes a Nules, Adri\u00e1n Sorribes, ha lamentat que persones marroquines ve\u00efnes del municipi s&#8217;hagen de trobar amb aquestes pintades. &#8220;\u00c9s dolor\u00f3s&#8221;, ha assegurat Sorribes. &#8220;No ha de ser agradable que el vegen els fills a l\u2019eixir de casa&#8221;.<\/p>\n\n\n\n<figure class=\"wp-block-image size-large\"><img fetchpriority=\"high\" decoding=\"async\" width=\"768\" height=\"1024\" src=\"https:\/\/elcafedepipa.com\/wp-content\/uploads\/2025\/07\/nulescotxe-768x1024.jpg\" alt=\"\" class=\"wp-image-15883\" srcset=\"https:\/\/elcafedepipa.com\/wp-content\/uploads\/2025\/07\/nulescotxe-768x1024.jpg 768w, https:\/\/elcafedepipa.com\/wp-content\/uploads\/2025\/07\/nulescotxe-225x300.jpg 225w, https:\/\/elcafedepipa.com\/wp-content\/uploads\/2025\/07\/nulescotxe-1152x1536.jpg 1152w, https:\/\/elcafedepipa.com\/wp-content\/uploads\/2025\/07\/nulescotxe.jpg 1536w\" sizes=\"(max-width: 768px) 100vw, 768px\" \/><\/figure>\n","protected":false},"excerpt":{"rendered":"<p>L\u2019Ajuntament de Nules condemna i rebutja les accions racistes registrades en els \u00faltims dies al municipi de Nules amb pintades fetes a contenidors i al cotxe d\u2019un regidor del grup municipal socialista. Aquest tipus d\u2019accions no tenen cabuda en una societat democr\u00e0tica, tolerant, plural i diversa. Hi ha que respectar les difer\u00e8ncies culturals de cada &#8230; <a title=\"L&#8217;Ajuntament de Nules condemna en un comunicat les accions racistes registrades al municipi.\" class=\"read-more\" href=\"https:\/\/elcafedepipa.com\/index.php\/2025\/07\/23\/lajuntament-de-nules-condemna-en-un-comunicat-les-accions-racistes-registrades-al-municipi\/\" aria-label=\"M\u00e9s informaci\u00f3 sobre L&#8217;Ajuntament de Nules condemna en un comunicat les accions racistes registrades al municipi.\">Read more<\/a><\/p>\n","protected":false},"author":2,"featured_media":15882,"comment_status":"closed","ping_status":"closed","sticky":false,"template":"","format":"standard","meta":{"om_disable_all_campaigns":false,"_monsterinsights_skip_tracking":false,"_monsterinsights_sitenote_active":false,"_monsterinsights_sitenote_note":"","_monsterinsights_sitenote_category":0,"_uf_show_specific_survey":0,"_uf_disable_surveys":false,"footnotes":""},"categories":[3],"tags":[],"class_list":["post-15881","post","type-post","status-publish","format-standard","has-post-thumbnail","hentry","category-nules"],"_links":{"self":[{"href":"https:\/\/elcafedepipa.com\/index.php\/wp-json\/wp\/v2\/posts\/15881","targetHints":{"allow":["GET"]}}],"collection":[{"href":"https:\/\/elcafedepipa.com\/index.php\/wp-json\/wp\/v2\/posts"}],"about":[{"href":"https:\/\/elcafedepipa.com\/index.php\/wp-json\/wp\/v2\/types\/post"}],"author":[{"embeddable":true,"href":"https:\/\/elcafedepipa.com\/index.php\/wp-json\/wp\/v2\/users\/2"}],"replies":[{"embeddable":true,"href":"https:\/\/elcafedepipa.com\/index.php\/wp-json\/wp\/v2\/comments?post=15881"}],"version-history":[{"count":1,"href":"https:\/\/elcafedepipa.com\/index.php\/wp-json\/wp\/v2\/posts\/15881\/revisions"}],"predecessor-version":[{"id":15884,"href":"https:\/\/elcafedepipa.com\/index.php\/wp-json\/wp\/v2\/posts\/15881\/revisions\/15884"}],"wp:featuredmedia":[{"embeddable":true,"href":"https:\/\/elcafedepipa.com\/index.php\/wp-json\/wp\/v2\/media\/15882"}],"wp:attachment":[{"href":"https:\/\/elcafedepipa.com\/index.php\/wp-json\/wp\/v2\/media?parent=15881"}],"wp:term":[{"taxonomy":"category","embeddable":true,"href":"https:\/\/elcafedepipa.com\/index.php\/wp-json\/wp\/v2\/categories?post=15881"},{"taxonomy":"post_tag","embeddable":true,"href":"https:\/\/elcafedepipa.com\/index.php\/wp-json\/wp\/v2\/tags?post=15881"}],"curies":[{"name":"wp","href":"https:\/\/api.w.org\/{rel}","templated":true}]}}